{"id":61016,"date":"2017-12-15T00:00:00","date_gmt":"2017-12-15T06:00:00","guid":{"rendered":"https:\/\/dralvarez.com.mx\/larevista\/blog\/posada-y-encendido-del-arbol-de-navidad-en-el-centro-asistencial-maria-palmira-lavalle-20682"},"modified":"2017-12-15T00:00:00","modified_gmt":"2017-12-15T06:00:00","slug":"posada-y-encendido-del-arbol-de-navidad-en-el-centro-asistencial-maria-palmira-lavalle-20682","status":"publish","type":"post","link":"https:\/\/dralvarez.com.mx\/larevista\/compeche\/posada-y-encendido-del-arbol-de-navidad-en-el-centro-asistencial-maria-palmira-lavalle-20682","title":{"rendered":"Posada y encendido del \u00e1rbol de navidad en el centro asistencial \u201cMar\u00eda Palmira Lavalle\u201d"},"content":{"rendered":"<p>Con el prop\u00f3sito de preservar las tradiciones navide\u00f1as y lograr uni\u00f3n, paz y armon\u00eda entre todos, la Presidenta del Patronato del DIF Estatal, Christelle Casta\u00f1\u00f3n de Moreno, convivi\u00f3 con los ni\u00f1os, ni\u00f1as y adolescentes del Centro Asistencial \u201cMar\u00eda Palmira Lavalle\u201d en una posada realizada en sus instalaciones.<\/p>\n<p>Cabe destacar que como parte de esa actividad, los ni\u00f1os encendieron el \u00e1rbol de navidad y dos empresas en seguridad entregaron c\u00e1maras digitales que fueron instaladas para cuidar la integridad de las ni\u00f1as y ni\u00f1os.<\/p>\n<p>Casta\u00f1\u00f3n de Moreno agradeci\u00f3 a la empresa \u201cIntelligent Segurity, Sistem (ISS)\u201d, representada por Luis Manuel Carre\u00f3n Mendoza, y a la empresa \u201cMMC\u201d, de Edgar Bol\u00edvar Ponce, por el donativo de c\u00e1maras de digitales que tienen la modalidad de seguir el trayecto de las personas que ingresan al Centro Asistencial y compara con una base de datos de las personas que tienen acceso autorizado a las \u00e1reas de convivencia.<\/p>\n<p>En lo que respecta al festejo, los ni\u00f1os y ni\u00f1as colocaron las esferas navide\u00f1as y las luces del \u00e1rbol de navidad y posteriormente partieron una enorme pi\u00f1ata, sum\u00e1ndose los Directores de las diferentes \u00e1reas que ayudaron a los ni\u00f1os a cantar la posada.<\/p>\n<p>En el evento estuvieron presentes la directora general del DIF, Silvia Elena Parrao Arceo; la Procuradora de Protecci\u00f3n de Ni\u00f1as, Ni\u00f1os y Adolescentes (PNNNA), Teresita de Jes\u00fas Rodr\u00edguez Chi; en representaci\u00f3n de la Secretar\u00eda de Salud, Orlando Alvarado Rivadeneyra; y la Presidenta del Patronato \u201cSonrisas de Coraz\u00f3n\u201d, Alejandra Rosado Parra. <\/p>\n","protected":false},"excerpt":{"rendered":"<p>*Tambi\u00e9n entregan equipo de c\u00e1maras de seguridad.<\/p>\n","protected":false},"author":1018,"featured_media":0,"comment_status":"open","ping_status":"open","sticky":false,"template":"","format":"standard","meta":{"tdm_status":"","tdm_grid_status":"","footnotes":""},"categories":[27],"tags":[],"_links":{"self":[{"href":"https:\/\/dralvarez.com.mx\/larevista\/wp-json\/wp\/v2\/posts\/61016"}],"collection":[{"href":"https:\/\/dralvarez.com.mx\/larevista\/wp-json\/wp\/v2\/posts"}],"about":[{"href":"https:\/\/dralvarez.com.mx\/larevista\/wp-json\/wp\/v2\/types\/post"}],"author":[{"embeddable":true,"href":"https:\/\/dralvarez.com.mx\/larevista\/wp-json\/wp\/v2\/users\/1018"}],"replies":[{"embeddable":true,"href":"https:\/\/dralvarez.com.mx\/larevista\/wp-json\/wp\/v2\/comments?post=61016"}],"version-history":[{"count":0,"href":"https:\/\/dralvarez.com.mx\/larevista\/wp-json\/wp\/v2\/posts\/61016\/revisions"}],"wp:attachment":[{"href":"https:\/\/dralvarez.com.mx\/larevista\/wp-json\/wp\/v2\/media?parent=61016"}],"wp:term":[{"taxonomy":"category","embeddable":true,"href":"https:\/\/dralvarez.com.mx\/larevista\/wp-json\/wp\/v2\/categories?post=61016"},{"taxonomy":"post_tag","embeddable":true,"href":"https:\/\/dralvarez.com.mx\/larevista\/wp-json\/wp\/v2\/tags?post=61016"}],"curies":[{"name":"wp","href":"https:\/\/api.w.org\/{rel}","templated":true}]}}