{"id":61015,"date":"2017-12-15T00:00:00","date_gmt":"2017-12-15T06:00:00","guid":{"rendered":"https:\/\/dralvarez.com.mx\/larevista\/blog\/exposicion-navidena-de-los-cedecas-y-cdc-en-el-parque-principal-20681"},"modified":"2017-12-15T00:00:00","modified_gmt":"2017-12-15T06:00:00","slug":"exposicion-navidena-de-los-cedecas-y-cdc-en-el-parque-principal-20681","status":"publish","type":"post","link":"https:\/\/dralvarez.com.mx\/larevista\/compeche\/exposicion-navidena-de-los-cedecas-y-cdc-en-el-parque-principal-20681","title":{"rendered":"Exposici\u00f3n navide\u00f1a de los CEDECAS y CDC en el parque principal"},"content":{"rendered":"<p>Con esta exposici\u00f3n de art\u00edculos navide\u00f1os de alta calidad, las alumnas y alumnos que asisten a los tres Centros de Desarrollo y Capacitaci\u00f3n (CEDECA) y 19 Centros de Desarrollo Comunitario (CDC) demuestran su talento y tambi\u00e9n mejoran la econom\u00eda de sus hogares, subray\u00f3 la Directora de Desarrollo Familiar y Voluntariado, Sonia Castilla Trevi\u00f1o, en representaci\u00f3n de la Presidenta del Patronato del DIF Estatal, Christelle Casta\u00f1\u00f3n de Moreno, al inaugurar esta muestra en el parque principal.<\/p>\n<p>Adem\u00e1s de la exposici\u00f3n de trabajos navide\u00f1os, y con el objetivo de la convivencia familiar, se realiz\u00f3 un festival en el que las ni\u00f1as y ni\u00f1os deleitaron a los asistentes con las habilidades aprendidas en los diversos talleres formativos de esos Centros.<\/p>\n<p>Asimismo, la directora de Desarrollo Familiar y Voluntariado del DIF Estatal recorri\u00f3 los stands, acompa\u00f1ada por la Coordinadora Educativa, Elba Te Pacheco, y promotoras titulares, felicitando a los participantes y sus maestros por el inter\u00e9s de ense\u00f1ar y formar a hombres y mujeres capacitados para desempe\u00f1ar un oficio, y mejorar as\u00ed la econom\u00eda de sus familias.<\/p>\n<p>En lo que va del ciclo escolar 2017-2018, los alumnos de los CEDECA y CDC se han ido capacitando en diferentes talleres que se imparten, buscando cada d\u00eda presentar un trabajo que tenga mayor calidad y que sea de beneficio para mejorar sus ingresos.<\/p>\n<p>De esta forma, los CEDECAS participaron con sus talleres de belleza, cocina, reposter\u00eda y  manualidades, corte y confecci\u00f3n, danza y aerobics; mientras que los CDC Plan Chac, Bellavista, Carmelo, Kanist\u00e9, Granjas, San Jos\u00e9 el Alto, Hampolol, Vicente Guerrero, Ampliaci\u00f3n Cuatro Caminos y Camino Real, presentaron una Pastorela, Villancicos y diversos bailables.<\/p>\n","protected":false},"excerpt":{"rendered":"<p>Con esta exposici\u00f3n de art\u00edculos navide\u00f1os de alta calidad, las alumnas y alumnos que asisten a los tres Centros de Desarrollo y Capacitaci\u00f3n (CEDECA)<\/p>\n","protected":false},"author":1018,"featured_media":0,"comment_status":"open","ping_status":"open","sticky":false,"template":"","format":"standard","meta":{"tdm_status":"","tdm_grid_status":"","footnotes":""},"categories":[27],"tags":[],"_links":{"self":[{"href":"https:\/\/dralvarez.com.mx\/larevista\/wp-json\/wp\/v2\/posts\/61015"}],"collection":[{"href":"https:\/\/dralvarez.com.mx\/larevista\/wp-json\/wp\/v2\/posts"}],"about":[{"href":"https:\/\/dralvarez.com.mx\/larevista\/wp-json\/wp\/v2\/types\/post"}],"author":[{"embeddable":true,"href":"https:\/\/dralvarez.com.mx\/larevista\/wp-json\/wp\/v2\/users\/1018"}],"replies":[{"embeddable":true,"href":"https:\/\/dralvarez.com.mx\/larevista\/wp-json\/wp\/v2\/comments?post=61015"}],"version-history":[{"count":0,"href":"https:\/\/dralvarez.com.mx\/larevista\/wp-json\/wp\/v2\/posts\/61015\/revisions"}],"wp:attachment":[{"href":"https:\/\/dralvarez.com.mx\/larevista\/wp-json\/wp\/v2\/media?parent=61015"}],"wp:term":[{"taxonomy":"category","embeddable":true,"href":"https:\/\/dralvarez.com.mx\/larevista\/wp-json\/wp\/v2\/categories?post=61015"},{"taxonomy":"post_tag","embeddable":true,"href":"https:\/\/dralvarez.com.mx\/larevista\/wp-json\/wp\/v2\/tags?post=61015"}],"curies":[{"name":"wp","href":"https:\/\/api.w.org\/{rel}","templated":true}]}}