{"id":61014,"date":"2017-12-15T00:00:00","date_gmt":"2017-12-15T06:00:00","guid":{"rendered":"https:\/\/dralvarez.com.mx\/larevista\/blog\/dif-da-a-conocer-que-las-agendas-y-calendarios-2018-alebrijes-20680"},"modified":"2017-12-15T00:00:00","modified_gmt":"2017-12-15T06:00:00","slug":"dif-da-a-conocer-que-las-agendas-y-calendarios-2018-alebrijes-20680","status":"publish","type":"post","link":"https:\/\/dralvarez.com.mx\/larevista\/compeche\/dif-da-a-conocer-que-las-agendas-y-calendarios-2018-alebrijes-20680","title":{"rendered":"DIF da a conocer que las agendas y calendarios 2018 \u201cAlebrijes\u201d"},"content":{"rendered":"<p>El Sistema Estatal para el Desarrollo Integral de la Familia (DIF), a trav\u00e9s de la Direcci\u00f3n de Atenci\u00f3n Social y Discapacidad, da a conocer que las agendas y calendarios 2018 \u201cAlebrijes\u201d tienen un precio de 250 y 100 pesos, respectivamente, y pueden adquirirse en la Mansi\u00f3n Carvajal, edificio 303 y Centro Cultural \u201cLeovigildo G\u00f3mez\u201d de lunes a viernes de 8:00 a 14:30 horas. Estas agendas y calendarios plasman en cada mes la creatividad de 32 alumnos de los Centros de Atenci\u00f3n M\u00faltiple (CAM) y Unidades de Servicios de Apoyo a la Educaci\u00f3n Regular (USAER), que participan en los talleres del centro Art\u00edstico y Cultural \u201cLeovigildo G\u00f3mez\u201d. Cabe destacar que el taller inclusivo de artes pl\u00e1sticas, as\u00ed como la exposici\u00f3n de los diversos trabajos, son un esfuerzo coordinado entre la Secretaria de Educaci\u00f3n (SEDUC) y el DIF Estatal, que busca promover y estimular las habilidades de los estudiantes.<\/p>\n","protected":false},"excerpt":{"rendered":"<p>El Sistema Estatal para el Desarrollo Integral de la Familia (DIF), a trav\u00e9s de la Direcci\u00f3n de Atenci\u00f3n Social y Discapacidad, da a conocer que las a<\/p>\n","protected":false},"author":1018,"featured_media":0,"comment_status":"open","ping_status":"open","sticky":false,"template":"","format":"standard","meta":{"tdm_status":"","tdm_grid_status":"","footnotes":""},"categories":[27],"tags":[],"_links":{"self":[{"href":"https:\/\/dralvarez.com.mx\/larevista\/wp-json\/wp\/v2\/posts\/61014"}],"collection":[{"href":"https:\/\/dralvarez.com.mx\/larevista\/wp-json\/wp\/v2\/posts"}],"about":[{"href":"https:\/\/dralvarez.com.mx\/larevista\/wp-json\/wp\/v2\/types\/post"}],"author":[{"embeddable":true,"href":"https:\/\/dralvarez.com.mx\/larevista\/wp-json\/wp\/v2\/users\/1018"}],"replies":[{"embeddable":true,"href":"https:\/\/dralvarez.com.mx\/larevista\/wp-json\/wp\/v2\/comments?post=61014"}],"version-history":[{"count":0,"href":"https:\/\/dralvarez.com.mx\/larevista\/wp-json\/wp\/v2\/posts\/61014\/revisions"}],"wp:attachment":[{"href":"https:\/\/dralvarez.com.mx\/larevista\/wp-json\/wp\/v2\/media?parent=61014"}],"wp:term":[{"taxonomy":"category","embeddable":true,"href":"https:\/\/dralvarez.com.mx\/larevista\/wp-json\/wp\/v2\/categories?post=61014"},{"taxonomy":"post_tag","embeddable":true,"href":"https:\/\/dralvarez.com.mx\/larevista\/wp-json\/wp\/v2\/tags?post=61014"}],"curies":[{"name":"wp","href":"https:\/\/api.w.org\/{rel}","templated":true}]}}