{"id":61006,"date":"2017-12-15T00:00:00","date_gmt":"2017-12-15T06:00:00","guid":{"rendered":"https:\/\/dralvarez.com.mx\/larevista\/blog\/desde-la-seduc-se-trabaja-por-dotar-de-una-educacion-integral-para-ninos-ninas-jovenes-medina-farfan-20672"},"modified":"2017-12-15T00:00:00","modified_gmt":"2017-12-15T06:00:00","slug":"desde-la-seduc-se-trabaja-por-dotar-de-una-educacion-integral-para-ninos-ninas-jovenes-medina-farfan-20672","status":"publish","type":"post","link":"https:\/\/dralvarez.com.mx\/larevista\/compeche\/desde-la-seduc-se-trabaja-por-dotar-de-una-educacion-integral-para-ninos-ninas-jovenes-medina-farfan-20672","title":{"rendered":"Desde la SEDUC se trabaja por dotar de una educaci\u00f3n integral para ni\u00f1os, ni\u00f1as, j\u00f3venes: Medina Farf\u00e1n"},"content":{"rendered":"<p>\u201cEn el Gobierno del Estado, a trav\u00e9s de la Secretar\u00eda de Educaci\u00f3n (SEDUC), estamos trabajando para brindar de mejores condiciones a las ni\u00f1as, ni\u00f1os y j\u00f3venes, que les permitan formarse de una manera m\u00e1s integral, aprender mejor y desarrollarse, porque sabemos que la educaci\u00f3n es un factor primordial para que Campeche crezca y adem\u00e1s para asegurarles un mejor futuro\u201d, asegur\u00f3 el secretario de Educaci\u00f3n, Ricardo Medina Farf\u00e1n, al sostener una pl\u00e1tica con estudiantes de la Escuela Secundaria T\u00e9cnica n\u00famero 12 y del Colegio de Bachilleres (COBACAM), durante una visita de supervisi\u00f3n a la ruta Chin\u00e1-Uayam\u00f3n, del servicio de transporte escolar gratuito \u201cAprender en Grande\u201d.<\/p>\n<p>Al sostener este encuentro con los beneficiarios, el funcionario estatal precis\u00f3 que este servicio que fue una de las promesas de campa\u00f1a del Gobernador Alejandro Moreno C\u00e1rdenas, y que en esta primera etapa atiende a m\u00e1s de dos mil alumnos de comunidades rurales.<\/p>\n<p>A\u00f1adi\u00f3 que uno de los prop\u00f3sitos fundamentales de este programa es abatir la deserci\u00f3n escolar y con esta estrategia se sientan las bases para tener un mejor Campeche, con j\u00f3venes m\u00e1s preparados, a quienes se les brinda igualdad de oportunidades para salir adelante.<\/p>\n<p>Durante esta supervisi\u00f3n, el titular de la SEDUC constat\u00f3 las condiciones de seguridad de las unidades en las que esta ruta se ejecuta; adem\u00e1s sostuvo un di\u00e1logo con el director de este centro escolar, Justo Vargas, para revisar las condiciones en las que se ha desarrollado el servicio de transporte escolar gratuito.<\/p>\n<p>As\u00ed tambi\u00e9n escuch\u00f3 atento a los estudiantes, quienes reconocieron la importancia de este programa ya que \u2013se\u00f1alaron- antes ten\u00edan que erogar fuertes sumas de dinero para ir a la escuela, pedir \u201cavent\u00f3n\u201d o tomar veh\u00edculos que no cumpl\u00edan con las adecuadas normas de seguridad, situaci\u00f3n que hoy son solo recuerdos, ya que viajan en veh\u00edculos con lo \u00faltimo en tecnolog\u00eda.<\/p>\n<p>Por \u00faltimo, Medina Farf\u00e1n precis\u00f3 que se continuar\u00e1 revisando y supervisando este programa para verificar que no decaigan las acciones de seguridad, de atenci\u00f3n y se contin\u00faen siendo de gran beneficio para los estudiantes beneficiados del Estado, esto al tiempo en que se\u00f1al\u00f3 se continua trabajando y gestionando con autoridades centrales de la SEP para que las fases posteriores del programa se contin\u00faen ejecutando en beneficio de cientos de familias de Campeche.<\/p>\n","protected":false},"excerpt":{"rendered":"<p>*Supervisa ruta de transporte escolar gratuito \u201cAprender en Grande\u201d.<\/p>\n","protected":false},"author":1018,"featured_media":0,"comment_status":"open","ping_status":"open","sticky":false,"template":"","format":"standard","meta":{"tdm_status":"","tdm_grid_status":"","footnotes":""},"categories":[27],"tags":[],"_links":{"self":[{"href":"https:\/\/dralvarez.com.mx\/larevista\/wp-json\/wp\/v2\/posts\/61006"}],"collection":[{"href":"https:\/\/dralvarez.com.mx\/larevista\/wp-json\/wp\/v2\/posts"}],"about":[{"href":"https:\/\/dralvarez.com.mx\/larevista\/wp-json\/wp\/v2\/types\/post"}],"author":[{"embeddable":true,"href":"https:\/\/dralvarez.com.mx\/larevista\/wp-json\/wp\/v2\/users\/1018"}],"replies":[{"embeddable":true,"href":"https:\/\/dralvarez.com.mx\/larevista\/wp-json\/wp\/v2\/comments?post=61006"}],"version-history":[{"count":0,"href":"https:\/\/dralvarez.com.mx\/larevista\/wp-json\/wp\/v2\/posts\/61006\/revisions"}],"wp:attachment":[{"href":"https:\/\/dralvarez.com.mx\/larevista\/wp-json\/wp\/v2\/media?parent=61006"}],"wp:term":[{"taxonomy":"category","embeddable":true,"href":"https:\/\/dralvarez.com.mx\/larevista\/wp-json\/wp\/v2\/categories?post=61006"},{"taxonomy":"post_tag","embeddable":true,"href":"https:\/\/dralvarez.com.mx\/larevista\/wp-json\/wp\/v2\/tags?post=61006"}],"curies":[{"name":"wp","href":"https:\/\/api.w.org\/{rel}","templated":true}]}}