{"id":61005,"date":"2017-12-15T00:00:00","date_gmt":"2017-12-15T06:00:00","guid":{"rendered":"https:\/\/dralvarez.com.mx\/larevista\/blog\/clausura-del-taller-desarrollo-de-habilidades-en-ciencia-tecnologia-y-matematicas-en-escuelas-de-educacion-basica-20671"},"modified":"2017-12-15T00:00:00","modified_gmt":"2017-12-15T06:00:00","slug":"clausura-del-taller-desarrollo-de-habilidades-en-ciencia-tecnologia-y-matematicas-en-escuelas-de-educacion-basica-20671","status":"publish","type":"post","link":"https:\/\/dralvarez.com.mx\/larevista\/compeche\/clausura-del-taller-desarrollo-de-habilidades-en-ciencia-tecnologia-y-matematicas-en-escuelas-de-educacion-basica-20671","title":{"rendered":"Clausura del taller \u201cDesarrollo de habilidades en Ciencia, Tecnolog\u00eda y Matem\u00e1ticas en escuelas de Educaci\u00f3n B\u00e1sica\u201d"},"content":{"rendered":"<p>Con el objetivo de acercar y despertar el inter\u00e9s de los menores por la ciencia, la tecnolog\u00eda y las matem\u00e1ticas, la Secretar\u00eda de Educaci\u00f3n de Campeche (SEDUC), a trav\u00e9s del Programa de Escuelas de Tiempo Completo (PETC), llev\u00f3 a cabo la clausura del taller \u201cDesarrollo de habilidades en Ciencia, Tecnolog\u00eda y Matem\u00e1ticas en escuelas de Educaci\u00f3n B\u00e1sica\u201d en los centros escolares \u201cJoaqu\u00edn Clausell\u201d y \u201cH\u00e9roes de Nacozari\u201d, donde la titular de este programa, Yamile Yazm\u00edn Novelo Rej\u00f3n, precis\u00f3 que a trav\u00e9s de estas acciones se vincularon los valores curriculares de la asignatura de ciencias naturales con las disciplinas generales de los estudiantes. Este taller inici\u00f3 desde el pasado 13 de noviembre atendiendo a 350 alumnos de diez planteles del Estado beneficiarios de este programa y la actividad fue impartida por la Consultor\u00eda PETC, que contempl\u00f3 cinco sesiones de 90 minutos cada una, entre alumnos de sexto grado.<\/p>\n<p><\/p>\n","protected":false},"excerpt":{"rendered":"<p>Con el objetivo de acercar y despertar el inter\u00e9s de los menores por la ciencia, la tecnolog\u00eda y las matem\u00e1ticas, la Secretar\u00eda de Educaci\u00f3n de Campec<\/p>\n","protected":false},"author":1018,"featured_media":0,"comment_status":"open","ping_status":"open","sticky":false,"template":"","format":"standard","meta":{"tdm_status":"","tdm_grid_status":"","footnotes":""},"categories":[27],"tags":[],"_links":{"self":[{"href":"https:\/\/dralvarez.com.mx\/larevista\/wp-json\/wp\/v2\/posts\/61005"}],"collection":[{"href":"https:\/\/dralvarez.com.mx\/larevista\/wp-json\/wp\/v2\/posts"}],"about":[{"href":"https:\/\/dralvarez.com.mx\/larevista\/wp-json\/wp\/v2\/types\/post"}],"author":[{"embeddable":true,"href":"https:\/\/dralvarez.com.mx\/larevista\/wp-json\/wp\/v2\/users\/1018"}],"replies":[{"embeddable":true,"href":"https:\/\/dralvarez.com.mx\/larevista\/wp-json\/wp\/v2\/comments?post=61005"}],"version-history":[{"count":0,"href":"https:\/\/dralvarez.com.mx\/larevista\/wp-json\/wp\/v2\/posts\/61005\/revisions"}],"wp:attachment":[{"href":"https:\/\/dralvarez.com.mx\/larevista\/wp-json\/wp\/v2\/media?parent=61005"}],"wp:term":[{"taxonomy":"category","embeddable":true,"href":"https:\/\/dralvarez.com.mx\/larevista\/wp-json\/wp\/v2\/categories?post=61005"},{"taxonomy":"post_tag","embeddable":true,"href":"https:\/\/dralvarez.com.mx\/larevista\/wp-json\/wp\/v2\/tags?post=61005"}],"curies":[{"name":"wp","href":"https:\/\/api.w.org\/{rel}","templated":true}]}}