{"id":60997,"date":"2017-12-15T00:00:00","date_gmt":"2017-12-15T06:00:00","guid":{"rendered":"https:\/\/dralvarez.com.mx\/larevista\/blog\/intensifican-los-trabajos-de-bacheo-20663"},"modified":"2017-12-15T00:00:00","modified_gmt":"2017-12-15T06:00:00","slug":"intensifican-los-trabajos-de-bacheo-20663","status":"publish","type":"post","link":"https:\/\/dralvarez.com.mx\/larevista\/compeche\/intensifican-los-trabajos-de-bacheo-20663","title":{"rendered":"Intensifican los trabajos de bacheo"},"content":{"rendered":"<p>El Ayuntamiento de Campeche, a trav\u00e9s de la Unidad de Obras P\u00fablicas, intensific\u00f3 los trabajos de bacheo en diversos puntos de la ciudad, con el prop\u00f3sito de cumplir con el compromiso de tener mejores vialidades para transitar; en la jornada se atendi\u00f3 la calle Privada de la calle 15-A entre calle 13 y calle 15 del poblado de Samul\u00e1, adem\u00e1s de un sector de Montecristo, Fraccionamiento Villa Dalias y la unidad habitacional Fidel Vel\u00e1zquez.<\/p>\n<p><\/p>\n","protected":false},"excerpt":{"rendered":"<p>El Ayuntamiento de Campeche, a trav\u00e9s de la Unidad de Obras P\u00fablicas, intensific\u00f3 los trabajos de bacheo.<\/p>\n","protected":false},"author":1018,"featured_media":0,"comment_status":"open","ping_status":"open","sticky":false,"template":"","format":"standard","meta":{"tdm_status":"","tdm_grid_status":"","footnotes":""},"categories":[27],"tags":[],"_links":{"self":[{"href":"https:\/\/dralvarez.com.mx\/larevista\/wp-json\/wp\/v2\/posts\/60997"}],"collection":[{"href":"https:\/\/dralvarez.com.mx\/larevista\/wp-json\/wp\/v2\/posts"}],"about":[{"href":"https:\/\/dralvarez.com.mx\/larevista\/wp-json\/wp\/v2\/types\/post"}],"author":[{"embeddable":true,"href":"https:\/\/dralvarez.com.mx\/larevista\/wp-json\/wp\/v2\/users\/1018"}],"replies":[{"embeddable":true,"href":"https:\/\/dralvarez.com.mx\/larevista\/wp-json\/wp\/v2\/comments?post=60997"}],"version-history":[{"count":0,"href":"https:\/\/dralvarez.com.mx\/larevista\/wp-json\/wp\/v2\/posts\/60997\/revisions"}],"wp:attachment":[{"href":"https:\/\/dralvarez.com.mx\/larevista\/wp-json\/wp\/v2\/media?parent=60997"}],"wp:term":[{"taxonomy":"category","embeddable":true,"href":"https:\/\/dralvarez.com.mx\/larevista\/wp-json\/wp\/v2\/categories?post=60997"},{"taxonomy":"post_tag","embeddable":true,"href":"https:\/\/dralvarez.com.mx\/larevista\/wp-json\/wp\/v2\/tags?post=60997"}],"curies":[{"name":"wp","href":"https:\/\/api.w.org\/{rel}","templated":true}]}}