{"id":60993,"date":"2017-12-15T00:00:00","date_gmt":"2017-12-15T06:00:00","guid":{"rendered":"https:\/\/dralvarez.com.mx\/larevista\/blog\/acerca-seduc-a-jovenes-con-las-disciplinas-artisticas-20659"},"modified":"2017-12-15T00:00:00","modified_gmt":"2017-12-15T06:00:00","slug":"acerca-seduc-a-jovenes-con-las-disciplinas-artisticas-20659","status":"publish","type":"post","link":"https:\/\/dralvarez.com.mx\/larevista\/compeche\/acerca-seduc-a-jovenes-con-las-disciplinas-artisticas-20659","title":{"rendered":"Acerca SEDUC a j\u00f3venes con las disciplinas art\u00edsticas"},"content":{"rendered":"<p>\u201cPropiciar el acercamiento de los j\u00f3venes a alguna disciplina art\u00edstica, como las artes visuales, es uno de los intereses que tenemos desde la Secretar\u00eda de Educaci\u00f3n (SEDUC); preparar su desarrollo integral, impulsando sus habilidades y talentos para de esta manera asegurarles un mejor futuro\u201d, asever\u00f3 el secretario de Educaci\u00f3n, Ricardo Medina Farf\u00e1n, al hacer entrega de premios y reconocimientos a los estudiantes ganadores del Segundo Concurso de Fotograf\u00eda \u201cSoy Campechano\u201d 2017, donde resultaron acreedores del primer lugar en la categor\u00eda de secundaria y preparatoria, respectivamente, Dami\u00e1n Gael Naal Vargas y Amy Beatriz Dzib S\u00e1nchez.<\/p>\n<p>Durante la ceremonia llevada a cabo en la Sala de Educadores de la SEDUC, el titular de la dependencia precis\u00f3 que este concurso se realiz\u00f3 en el marco del \u201cMes de la Campechanidad\u201d, y que en comparaci\u00f3n con el primer a\u00f1o, en esta ocasi\u00f3n se tuvo un incremento de un 200 por ciento en la participaci\u00f3n, detallando que en este 2017 se recibieron 184 trabajos de j\u00f3venes de educaci\u00f3n secundaria y media superior.<\/p>\n<p>En este sentido, el funcionario estatal destac\u00f3 que el objetivo fue propiciar un acercamiento de los alumnos a las disciplinas art\u00edsticas siendo la fotograf\u00eda un elemento perfecto para hacerlo de una manera f\u00e1cil y al alcance de todos y con ello plasmar algo que nos da orgullo, como el ser campechano.<\/p>\n<p>\u201cEstas actividades nos ayudan a identificar c\u00f3mo los j\u00f3venes de secundaria, y bachillerato ven y entienden este sentido de identidad y pertenencia a nuestro Estado, por eso nos sentimos muy satisfechos que se haya tenido una gran respuesta por parte de ellos ya que nos permite desde su \u00f3ptica, sentirnos parte de este bello estado\u201d, asegur\u00f3.<\/p>\n<p>En la categor\u00eda de Secundaria, el primer lugar fue para el alumno Dami\u00e1n Gael Naal Vargas, de la Escuela Secundaria General n\u00famero 12, de Chin\u00e1, Campeche; el segundo lugar para Mario Enrique Delgado L\u00f3pez, de la T\u00e9cnica n\u00famero 25, de Carmen; y el tercer lugar para Jos\u00e9 Miguel Uc Caamal, de la T\u00e9cnica n\u00famero 11, de Seybaplaya, Champot\u00f3n.<\/p>\n<p>En tanto que en la categor\u00eda de Media Superior el primer lugar fue para Amy Beatriz Dzib S\u00e1nchez, de la Escuela Preparatoria \u201cErmilo Sandoval Campos\u201d, de la Universidad Aut\u00f3noma de Campeche (UAC); el segundo lugar para Mar\u00eda Dolores de la Cruz Uitz Uitz, del CECYTEC plantel Pomuch; y el tercer lugar para Jimmy Emmanuel Montes de Oca, de la preparatoria diurna Unidad Acad\u00e9mica Campus II UNACAR, de Ciudad del Carmen.<\/p>\n<p>Los ganadores de ambas categor\u00edas recibieron premios consistentes en 10 mil pesos para el primer lugar; siete mil pesos para el segundo y cinco mil pesos para el tercer lugar. Asimismo se hizo entrega de menciones honor\u00edficas a estudiantes de cada categor\u00eda por su destacada participaci\u00f3n en este certamen, en secundaria a Viviana Rojas L\u00f3pez; y en el nivel de Preparatoria a Eliam Octavio Escalona Mora; Marco Antonio Garc\u00eda Tadeo; Jaqueline de los \u00c1ngeles Naal Euan; y Adalberto Balan Correa.<\/p>\n<p>Cabe destacar que el jurado calificador estuvo integrado por los fot\u00f3grafos Iv\u00e1n Hau Heredia, Ashley Escamilla Carpizo y Luis Alberto S\u00e1nchez S\u00e1nchez, quienes calificaron y seleccionaron los trabajos ganadores.<\/p>\n","protected":false},"excerpt":{"rendered":"<p>\u201cPropiciar el acercamiento de los j\u00f3venes a alguna disciplina art\u00edstica, como las artes visuales, es uno de los intereses que tenemos desde la Secreta<\/p>\n","protected":false},"author":1018,"featured_media":0,"comment_status":"open","ping_status":"open","sticky":false,"template":"","format":"standard","meta":{"tdm_status":"","tdm_grid_status":"","footnotes":""},"categories":[27],"tags":[],"_links":{"self":[{"href":"https:\/\/dralvarez.com.mx\/larevista\/wp-json\/wp\/v2\/posts\/60993"}],"collection":[{"href":"https:\/\/dralvarez.com.mx\/larevista\/wp-json\/wp\/v2\/posts"}],"about":[{"href":"https:\/\/dralvarez.com.mx\/larevista\/wp-json\/wp\/v2\/types\/post"}],"author":[{"embeddable":true,"href":"https:\/\/dralvarez.com.mx\/larevista\/wp-json\/wp\/v2\/users\/1018"}],"replies":[{"embeddable":true,"href":"https:\/\/dralvarez.com.mx\/larevista\/wp-json\/wp\/v2\/comments?post=60993"}],"version-history":[{"count":0,"href":"https:\/\/dralvarez.com.mx\/larevista\/wp-json\/wp\/v2\/posts\/60993\/revisions"}],"wp:attachment":[{"href":"https:\/\/dralvarez.com.mx\/larevista\/wp-json\/wp\/v2\/media?parent=60993"}],"wp:term":[{"taxonomy":"category","embeddable":true,"href":"https:\/\/dralvarez.com.mx\/larevista\/wp-json\/wp\/v2\/categories?post=60993"},{"taxonomy":"post_tag","embeddable":true,"href":"https:\/\/dralvarez.com.mx\/larevista\/wp-json\/wp\/v2\/tags?post=60993"}],"curies":[{"name":"wp","href":"https:\/\/api.w.org\/{rel}","templated":true}]}}