{"id":60958,"date":"2017-12-13T00:00:00","date_gmt":"2017-12-13T06:00:00","guid":{"rendered":"https:\/\/dralvarez.com.mx\/larevista\/blog\/campeche-estado-invitado-en-la-decima-edicion-de-la-navidad-mexicana-en-el-vaticano-20620"},"modified":"2017-12-13T00:00:00","modified_gmt":"2017-12-13T06:00:00","slug":"campeche-estado-invitado-en-la-decima-edicion-de-la-navidad-mexicana-en-el-vaticano-20620","status":"publish","type":"post","link":"https:\/\/dralvarez.com.mx\/larevista\/compeche\/campeche-estado-invitado-en-la-decima-edicion-de-la-navidad-mexicana-en-el-vaticano-20620","title":{"rendered":"Campeche, estado invitado en la d\u00e9cima edici\u00f3n de la \u201cNavidad Mexicana en el Vaticano\u201d"},"content":{"rendered":"<p><b>CIUDAD DEL VATICANO, Italia.-<\/b> El gobernador Alejandro Moreno C\u00e1rdenas y el Cardenal Giuseppe Bertello, presidente de la Gobernaci\u00f3n del Estado de la Ciudad del Vaticano, inauguraron la d\u00e9cima edici\u00f3n de la &#8220;Navidad Mexicana en el Vaticano&#8221;, que este a\u00f1o correspondi\u00f3 a Campeche decorar con piezas t\u00edpicas elaboradas por artesanos de los municipios de Calkin\u00ed y Hopelch\u00e9n, misma que estar\u00e1 abierta hasta el pr\u00f3ximo 2 de febrero en los Museos Vaticanos y el Aula \u201cPaulo VI\u201d.<\/p>\n<p>Moreno C\u00e1rdenas, acompa\u00f1ado tambi\u00e9n de su esposa Christelle Casta\u00f1\u00f3n de Moreno, y del obispo de Campeche, Francisco Gonz\u00e1lez Gonz\u00e1lez, realiz\u00f3 un recorrido por la muestra integrada por dos \u00e1rboles de Navidad, dos nacimientos y una exposici\u00f3n fotogr\u00e1fica sobre cultura, religi\u00f3n y turismo del estado.<\/p>\n<p>Los \u00e1rboles de Navidad cuentan con adornos confeccionados con textiles bordados a mano por artesanos de Hopelch\u00e9n, y con figuras talladas en cuerno de toro, fibras vegetales y flores de hojas de ma\u00edz multicolores del municipio de Calkin\u00ed.<\/p>\n<p>Los nacimientos fueron elaborados con figuras de cartoner\u00eda vestidas con telas bordadas y dise\u00f1os tradicionales de la vestimenta t\u00edpica campechana. <\/p>\n<p>Durante la inauguraci\u00f3n, donde se present\u00f3 el Ballet Folcl\u00f3rico de Campeche, las artesanas y el mandatario hicieron entrega de obsequios al prelado.<\/p>\n<p>La participaci\u00f3n de Campeche tambi\u00e9n se enmarca en la celebraci\u00f3n de los 25 a\u00f1os del restablecimiento de las relaciones diplom\u00e1ticas entre M\u00e9xico y la Santa Sede. <\/p>\n<p>&#8220;Navidad Mexicana en el Vaticano&#8221; forma parte de una tradici\u00f3n de hace 10 a\u00f1os, en la que artesanos mexicanos adornan los Museos del Vaticano y el Aula \u201cPaulo VI\u201d, con nacimientos elaborados a base de materiales caracter\u00edsticos de cada regi\u00f3n y \u00e1rboles navide\u00f1os decorados con piezas t\u00edpicas. Ambos lugares, son referentes mundiales del arte y la fe, y cada a\u00f1o reciben a m\u00e1s de dos millones de visitantes durante el periodo navide\u00f1o.<\/p>\n<p>Los estados que ya participaron son: Jalisco, Estado de M\u00e9xico, Guanajuato, Puebla, Michoac\u00e1n, Veracruz, Oaxaca, Chiapas y Quer\u00e9taro.<\/p>\n<p>Acompa\u00f1aron a Moreno C\u00e1rdenas, su hijo Alejandro; los secretarios de Turismo y  de Cultura, Jorge Manos Esparragoza y Delio Carrillo P\u00e9rez, respectivamente; la directora del Inefaac, Marisa Moreno Parrao, y el embajador de M\u00e9xico ante la Santa Sede, Jaime del Arenal Fenochio.<\/p>\n","protected":false},"excerpt":{"rendered":"<p>\u2022\tGobernador AMC y el Cardenal Giuseppe Bertello, inauguran exposici\u00f3n artesanal.<\/p>\n","protected":false},"author":1018,"featured_media":0,"comment_status":"open","ping_status":"open","sticky":false,"template":"","format":"standard","meta":{"tdm_status":"","tdm_grid_status":"","footnotes":""},"categories":[27],"tags":[],"_links":{"self":[{"href":"https:\/\/dralvarez.com.mx\/larevista\/wp-json\/wp\/v2\/posts\/60958"}],"collection":[{"href":"https:\/\/dralvarez.com.mx\/larevista\/wp-json\/wp\/v2\/posts"}],"about":[{"href":"https:\/\/dralvarez.com.mx\/larevista\/wp-json\/wp\/v2\/types\/post"}],"author":[{"embeddable":true,"href":"https:\/\/dralvarez.com.mx\/larevista\/wp-json\/wp\/v2\/users\/1018"}],"replies":[{"embeddable":true,"href":"https:\/\/dralvarez.com.mx\/larevista\/wp-json\/wp\/v2\/comments?post=60958"}],"version-history":[{"count":0,"href":"https:\/\/dralvarez.com.mx\/larevista\/wp-json\/wp\/v2\/posts\/60958\/revisions"}],"wp:attachment":[{"href":"https:\/\/dralvarez.com.mx\/larevista\/wp-json\/wp\/v2\/media?parent=60958"}],"wp:term":[{"taxonomy":"category","embeddable":true,"href":"https:\/\/dralvarez.com.mx\/larevista\/wp-json\/wp\/v2\/categories?post=60958"},{"taxonomy":"post_tag","embeddable":true,"href":"https:\/\/dralvarez.com.mx\/larevista\/wp-json\/wp\/v2\/tags?post=60958"}],"curies":[{"name":"wp","href":"https:\/\/api.w.org\/{rel}","templated":true}]}}