{"id":60939,"date":"2017-12-13T00:00:00","date_gmt":"2017-12-13T06:00:00","guid":{"rendered":"https:\/\/dralvarez.com.mx\/larevista\/blog\/convivio-con-las-personas-del-comedor-bartimeo-20601"},"modified":"2017-12-13T00:00:00","modified_gmt":"2017-12-13T06:00:00","slug":"convivio-con-las-personas-del-comedor-bartimeo-20601","status":"publish","type":"post","link":"https:\/\/dralvarez.com.mx\/larevista\/compeche\/convivio-con-las-personas-del-comedor-bartimeo-20601","title":{"rendered":"Convivio con las personas del comedor \u201cBartimeo\u201d"},"content":{"rendered":"<p>El Sistema Estatal para el Desarrollo Integral de la Familia (DIF), que preside Christelle Casta\u00f1\u00f3n de Moreno, a trav\u00e9s del Grupo de Participaci\u00f3n Ciudadana (GPC) del Instituto de la Mujer del Estado de Campeche (IMEC), organiz\u00f3 un convivio para las personas vulnerables que asisten al comedor \u201cBartimeo\u201d, el cual es atendido por un grupo de Damas \u201cVicentinas\u201d. La titular del IMEC, Dulce Mar\u00eda Cervera Cetina, comparti\u00f3 una agradable tarde y sirvi\u00f3 raciones de comida a los asistentes, mientras les brindaba palabras de fortaleza y esperanza.<\/p>\n","protected":false},"excerpt":{"rendered":"<p>Convivio con las personas del comedor \u201cBartimeo\u201d.<\/p>\n","protected":false},"author":1018,"featured_media":0,"comment_status":"open","ping_status":"open","sticky":false,"template":"","format":"standard","meta":{"tdm_status":"","tdm_grid_status":"","footnotes":""},"categories":[27],"tags":[],"_links":{"self":[{"href":"https:\/\/dralvarez.com.mx\/larevista\/wp-json\/wp\/v2\/posts\/60939"}],"collection":[{"href":"https:\/\/dralvarez.com.mx\/larevista\/wp-json\/wp\/v2\/posts"}],"about":[{"href":"https:\/\/dralvarez.com.mx\/larevista\/wp-json\/wp\/v2\/types\/post"}],"author":[{"embeddable":true,"href":"https:\/\/dralvarez.com.mx\/larevista\/wp-json\/wp\/v2\/users\/1018"}],"replies":[{"embeddable":true,"href":"https:\/\/dralvarez.com.mx\/larevista\/wp-json\/wp\/v2\/comments?post=60939"}],"version-history":[{"count":0,"href":"https:\/\/dralvarez.com.mx\/larevista\/wp-json\/wp\/v2\/posts\/60939\/revisions"}],"wp:attachment":[{"href":"https:\/\/dralvarez.com.mx\/larevista\/wp-json\/wp\/v2\/media?parent=60939"}],"wp:term":[{"taxonomy":"category","embeddable":true,"href":"https:\/\/dralvarez.com.mx\/larevista\/wp-json\/wp\/v2\/categories?post=60939"},{"taxonomy":"post_tag","embeddable":true,"href":"https:\/\/dralvarez.com.mx\/larevista\/wp-json\/wp\/v2\/tags?post=60939"}],"curies":[{"name":"wp","href":"https:\/\/api.w.org\/{rel}","templated":true}]}}