{"id":60938,"date":"2017-12-13T00:00:00","date_gmt":"2017-12-13T06:00:00","guid":{"rendered":"https:\/\/dralvarez.com.mx\/larevista\/blog\/alcalde-ehh-y-presidenta-del-dif-municipal-entregan-aparatos-funcionales-20600"},"modified":"2017-12-13T00:00:00","modified_gmt":"2017-12-13T06:00:00","slug":"alcalde-ehh-y-presidenta-del-dif-municipal-entregan-aparatos-funcionales-20600","status":"publish","type":"post","link":"https:\/\/dralvarez.com.mx\/larevista\/compeche\/alcalde-ehh-y-presidenta-del-dif-municipal-entregan-aparatos-funcionales-20600","title":{"rendered":"Alcalde EHH y Presidenta del DIF Municipal entregan aparatos funcionales"},"content":{"rendered":"<\/p>\n<p>Al encabezar junto a la<br \/>\npresidenta del Patronato del Sistema DIF Municipal, Enna Guadalupe Ortiz de<br \/>\nHern\u00e1ndez la IV entrega de Aparatos funcionales a personas de varias<br \/>\ncomunidades del municipio, el alcalde de Campeche, Edgar Hern\u00e1ndez Hern\u00e1ndez<br \/>\nreconoci\u00f3 la gran labor que realiza el organismo de asistencia social y<br \/>\nrefrend\u00f3 el apoyo de su gesti\u00f3n para que m\u00e1s campechanos se vean beneficiados<br \/>\ncon la pol\u00edtica asistencial.<\/p>\n<p>Acompa\u00f1ados tambi\u00e9n de<br \/>\nla Directora del DIF Municipal Olivia Madrigal Rico, de las Regidoras Ana<br \/>\nGabriela S\u00e1nchez Preve, Georgina Zapata Cort\u00e9s y el Coordinador de Asistencia<br \/>\nSocial del DIF, Herman Brito Avil\u00e9s, el Presidente Municipal entreg\u00f3 sillas de<br \/>\nruedas, silla de rueda infantil, bastones de cuatro puntas, andaderas y zapatos<br \/>\nortop\u00e9dicos por un monto de 76 mil 500 pesos.<\/p>\n<p>Hern\u00e1ndez Hern\u00e1ndez<br \/>\ndestac\u00f3 el trabajo realizado por el DIF Municipal que encabeza su esposa Enna<br \/>\nOrtiz de Hern\u00e1ndez, quien trabaja alineada a la pol\u00edtica de asistencia social<br \/>\nque impulsa desde el Patronato del DIF Estatal Christelle Casta\u00f1\u00f3n de Moreno, y<br \/>\nrefrend\u00f3 su compromiso para continuar la noble labor de llevar asistencia a las<br \/>\npersonas vulnerables de toda la geograf\u00eda municipal.<\/p>\n<p>Por su parte, la<br \/>\ntitular del DIF Municipal, Enna Ortiz de Hern\u00e1ndez, se\u00f1al\u00f3 que con esta<br \/>\nentrega, la cuarta del a\u00f1o, el organismo alcanza una cobertura del 100 por<br \/>\nciento en las solicitudes recibidas de todo el municipio, destacando en esta<br \/>\nocasi\u00f3n a los beneficiarios de las localidades de Samul\u00e1, Melchor Ocampo y<br \/>\nAdolfo Ruiz Cortines, y de diversas colonias de la ciudad capital.<\/p>\n<p>Agradeci\u00f3 el trabajo<br \/>\nconjunto con el Cabildo del Municipio y personas que alientan la pol\u00edtica<br \/>\nsocial del DIF Municipal, que donaron 33 sillas para ser entregadas en esta<br \/>\nocasi\u00f3n.<\/p>\n<p>Signific\u00f3 la entrega de<br \/>\ncinco bastones de cuatro puntas, cinco andaderas y 12 pares de zapatos<br \/>\ninfantiles ortop\u00e9dicos.<\/p>\n<p>Apel\u00f3 a la paciencia de<br \/>\nla ciudadan\u00eda por el tiempo de espera desde que ingresan sus solicitudes de<br \/>\nsillas de ruedas y aparatos funcionales, y reiter\u00f3 que con esta cuarta entrega<br \/>\ndel 2017, se cumplen al 100 por ciento las gestiones, en beneficio de las familias<br \/>\ncampechanas, inclusive de las comunidades m\u00e1s apartadas.<\/p>\n<p>A la entrega asistieron<br \/>\ntambi\u00e9n la Comisaria de Samul\u00e1, Mar\u00eda Isabel Peralta, y los Agentes Municipales<br \/>\nde las comunidades de Melchor Ocampo y Adolfo Ruiz Cortines, Arturo Ram\u00edrez<br \/>\nRomero y Eugenio Enr\u00edquez Cervantes, respectivamente, y familiares de los<br \/>\nbeneficiarios.<\/p>\n<p>Recibieron sus<br \/>\naparatos: Mariano Chi Cob, un bast\u00f3n de cuatro puntas; Candelario Bastarrachea<br \/>\nFranco, una andadera; Ana Leticia Valdez Borges, una silla de ruedas; el ni\u00f1o<br \/>\nAar\u00f3n Asael Paat Chi una silla de ruedas infantil, y el ni\u00f1o Jos\u00e9 Ra\u00fal P\u00e9rez<br \/>\nZapata, un par de zapatos ortop\u00e9dicos.<\/p><\/p>\n","protected":false},"excerpt":{"rendered":"<p>Al encabezar junto a la presidenta del Patronato del Sistema DIF Municipal, Enna Guadalupe Ortiz de Hern\u00e1ndez la IV entrega de Aparatos funcionales a<\/p>\n","protected":false},"author":1018,"featured_media":0,"comment_status":"open","ping_status":"open","sticky":false,"template":"","format":"standard","meta":{"tdm_status":"","tdm_grid_status":"","footnotes":""},"categories":[27],"tags":[],"_links":{"self":[{"href":"https:\/\/dralvarez.com.mx\/larevista\/wp-json\/wp\/v2\/posts\/60938"}],"collection":[{"href":"https:\/\/dralvarez.com.mx\/larevista\/wp-json\/wp\/v2\/posts"}],"about":[{"href":"https:\/\/dralvarez.com.mx\/larevista\/wp-json\/wp\/v2\/types\/post"}],"author":[{"embeddable":true,"href":"https:\/\/dralvarez.com.mx\/larevista\/wp-json\/wp\/v2\/users\/1018"}],"replies":[{"embeddable":true,"href":"https:\/\/dralvarez.com.mx\/larevista\/wp-json\/wp\/v2\/comments?post=60938"}],"version-history":[{"count":0,"href":"https:\/\/dralvarez.com.mx\/larevista\/wp-json\/wp\/v2\/posts\/60938\/revisions"}],"wp:attachment":[{"href":"https:\/\/dralvarez.com.mx\/larevista\/wp-json\/wp\/v2\/media?parent=60938"}],"wp:term":[{"taxonomy":"category","embeddable":true,"href":"https:\/\/dralvarez.com.mx\/larevista\/wp-json\/wp\/v2\/categories?post=60938"},{"taxonomy":"post_tag","embeddable":true,"href":"https:\/\/dralvarez.com.mx\/larevista\/wp-json\/wp\/v2\/tags?post=60938"}],"curies":[{"name":"wp","href":"https:\/\/api.w.org\/{rel}","templated":true}]}}