{"id":60896,"date":"2017-12-12T00:00:00","date_gmt":"2017-12-12T06:00:00","guid":{"rendered":"https:\/\/dralvarez.com.mx\/larevista\/blog\/preparacion-y-entrega-generan-cambios-transformadores-en-la-sociedad-medina-farfan-20558"},"modified":"2017-12-12T00:00:00","modified_gmt":"2017-12-12T06:00:00","slug":"preparacion-y-entrega-generan-cambios-transformadores-en-la-sociedad-medina-farfan-20558","status":"publish","type":"post","link":"https:\/\/dralvarez.com.mx\/larevista\/compeche\/preparacion-y-entrega-generan-cambios-transformadores-en-la-sociedad-medina-farfan-20558","title":{"rendered":"Preparaci\u00f3n y entrega generan cambios transformadores en la sociedad: Medina Farf\u00e1n"},"content":{"rendered":"<p>\u201cSu preparaci\u00f3n y entrega hacen posible lograr ese cambio transformador, el acercar la educaci\u00f3n a las ni\u00f1as, ni\u00f1os y j\u00f3venes que m\u00e1s lo necesitan en las zonas rurales, les brinda a cientos de peque\u00f1os la oportunidad de desarrollar un mejor futuro, y eso nos alienta el reconocer su labor\u201d, este fue el mensaje que emiti\u00f3 el titular de la Secretar\u00eda de Educaci\u00f3n de Campeche (SEDUC), Ricardo Medina Farf\u00e1n, al encabezar la entrega de reconocimientos a figuras educativas del Consejo Nacional de Fomento Educativo (CONAFE).<\/p>\n<p>En acto realizado en la Sala \u201cJusto Sierra\u201d de la Universidad Aut\u00f3noma de Campeche (UAC), y acompa\u00f1ado del delegado en la entidad del CONAFE, Rom\u00e1n Iv\u00e1n Acosta Estrella, Medina Farf\u00e1n, en representaci\u00f3n del Gobernador Alejandro Moreno C\u00e1rdenas, hizo entrega simb\u00f3lica de reconocimientos a personal que se destac\u00f3 por su labor en el ciclo 2016-2017.<\/p>\n<p>\u201cA trav\u00e9s de estos premios que se entregan, se hace patente esta muestra de solidaridad y respeto a su trabajo; a su vez, sirve para animarlos a que lo sigan haciendo y para que ustedes mismos a que retomen tambi\u00e9n su oportunidad desarrollo profesional y educativo; con su trabajo hacen posible un cambio transformador que es acercar la educaci\u00f3n a los ni\u00f1os que, sin eso, tal vez no tendr\u00edan la oportunidad de desarrollar un mejor futuro\u201d, puntualiz\u00f3.<\/p>\n<p>Por su parte, el delegado en Campeche del CONAFE, destac\u00f3 que, en el Estado, a trav\u00e9s de este consejo se atienden a tres mil 200 ni\u00f1as, ni\u00f1os y j\u00f3venes de preescolar, primaria y secundaria, gracias a los m\u00e1s de 570 l\u00edderes educativos quienes tienen la responsabilidad de ofrecerles educaci\u00f3n.<\/p>\n<p>Cabe mencionar que se reconoci\u00f3 con est\u00edmulos de dos mil 500 pesos, con inversi\u00f3n de 42 mil 500 pesos de recurso federal, a 17 figuras educativas del CONAFE en categor\u00edas como: Educaci\u00f3n Comunitaria; Capacitador Tutor; Asistente Educativo; as\u00ed como beneficiarios del SED.<\/p>\n<p>Estuvo presente tambi\u00e9n en este acto el delegado de la Comisi\u00f3n Nacional para el Desarrollo de los Pueblos Ind\u00edgenas (CDI), Joaqu\u00edn del Carmen \u00c1lvarez Arana; y Manuel Sarmiento Morales, en representaci\u00f3n del rector de la UAC, Gerardo Montero P\u00e9rez.<\/p>\n","protected":false},"excerpt":{"rendered":"<p>*Entregan reconocimientos a figuras educativas del CONAFE<\/p>\n","protected":false},"author":1018,"featured_media":0,"comment_status":"open","ping_status":"open","sticky":false,"template":"","format":"standard","meta":{"tdm_status":"","tdm_grid_status":"","footnotes":""},"categories":[27],"tags":[],"_links":{"self":[{"href":"https:\/\/dralvarez.com.mx\/larevista\/wp-json\/wp\/v2\/posts\/60896"}],"collection":[{"href":"https:\/\/dralvarez.com.mx\/larevista\/wp-json\/wp\/v2\/posts"}],"about":[{"href":"https:\/\/dralvarez.com.mx\/larevista\/wp-json\/wp\/v2\/types\/post"}],"author":[{"embeddable":true,"href":"https:\/\/dralvarez.com.mx\/larevista\/wp-json\/wp\/v2\/users\/1018"}],"replies":[{"embeddable":true,"href":"https:\/\/dralvarez.com.mx\/larevista\/wp-json\/wp\/v2\/comments?post=60896"}],"version-history":[{"count":0,"href":"https:\/\/dralvarez.com.mx\/larevista\/wp-json\/wp\/v2\/posts\/60896\/revisions"}],"wp:attachment":[{"href":"https:\/\/dralvarez.com.mx\/larevista\/wp-json\/wp\/v2\/media?parent=60896"}],"wp:term":[{"taxonomy":"category","embeddable":true,"href":"https:\/\/dralvarez.com.mx\/larevista\/wp-json\/wp\/v2\/categories?post=60896"},{"taxonomy":"post_tag","embeddable":true,"href":"https:\/\/dralvarez.com.mx\/larevista\/wp-json\/wp\/v2\/tags?post=60896"}],"curies":[{"name":"wp","href":"https:\/\/api.w.org\/{rel}","templated":true}]}}