{"id":60893,"date":"2017-12-12T00:00:00","date_gmt":"2017-12-12T06:00:00","guid":{"rendered":"https:\/\/dralvarez.com.mx\/larevista\/blog\/seproci-impartio-el-curso-medios-de-comunicacion-en-la-cultura-de-la-prevencion-20555"},"modified":"2017-12-12T00:00:00","modified_gmt":"2017-12-12T06:00:00","slug":"seproci-impartio-el-curso-medios-de-comunicacion-en-la-cultura-de-la-prevencion-20555","status":"publish","type":"post","link":"https:\/\/dralvarez.com.mx\/larevista\/compeche\/seproci-impartio-el-curso-medios-de-comunicacion-en-la-cultura-de-la-prevencion-20555","title":{"rendered":"SEPROCI imparti\u00f3 el \u201cCurso Medios de Comunicaci\u00f3n en la Cultura de la Prevenci\u00f3n\u201d"},"content":{"rendered":"<p>La Secretar\u00eda de Protecci\u00f3n Civil del Gobierno del Estado de Campeche (SEPROCI) imparti\u00f3 el \u201cCurso Medios de Comunicaci\u00f3n en la Cultura de la Prevenci\u00f3n\u201d a 13 periodistas, comunic\u00f3logos y empresarios locales relacionados con la difusi\u00f3n de informaci\u00f3n, tratando temas como \u201c\u00bfQu\u00e9 es Protecci\u00f3n Civil?\u201d, \u201cFen\u00f3menos Perturbadores\u201d y \u201cValor de la Informaci\u00f3n\u201d. Al finalizar el curso, los participantes recibieron una constancia de manos del titular de la SEPROCI, Gibr\u00e1n Burad Abud, quien agradeci\u00f3 su asistencia y reconoci\u00f3 el importante papel que juegan en la cultura de la prevenci\u00f3n.<\/p>\n","protected":false},"excerpt":{"rendered":"<p>SEPROCI imparti\u00f3 el \u201cCurso Medios de Comunicaci\u00f3n en la Cultura de la Prevenci\u00f3n\u201d a 13 periodistas.<\/p>\n","protected":false},"author":1018,"featured_media":0,"comment_status":"open","ping_status":"open","sticky":false,"template":"","format":"standard","meta":{"tdm_status":"","tdm_grid_status":"","footnotes":""},"categories":[27],"tags":[],"_links":{"self":[{"href":"https:\/\/dralvarez.com.mx\/larevista\/wp-json\/wp\/v2\/posts\/60893"}],"collection":[{"href":"https:\/\/dralvarez.com.mx\/larevista\/wp-json\/wp\/v2\/posts"}],"about":[{"href":"https:\/\/dralvarez.com.mx\/larevista\/wp-json\/wp\/v2\/types\/post"}],"author":[{"embeddable":true,"href":"https:\/\/dralvarez.com.mx\/larevista\/wp-json\/wp\/v2\/users\/1018"}],"replies":[{"embeddable":true,"href":"https:\/\/dralvarez.com.mx\/larevista\/wp-json\/wp\/v2\/comments?post=60893"}],"version-history":[{"count":0,"href":"https:\/\/dralvarez.com.mx\/larevista\/wp-json\/wp\/v2\/posts\/60893\/revisions"}],"wp:attachment":[{"href":"https:\/\/dralvarez.com.mx\/larevista\/wp-json\/wp\/v2\/media?parent=60893"}],"wp:term":[{"taxonomy":"category","embeddable":true,"href":"https:\/\/dralvarez.com.mx\/larevista\/wp-json\/wp\/v2\/categories?post=60893"},{"taxonomy":"post_tag","embeddable":true,"href":"https:\/\/dralvarez.com.mx\/larevista\/wp-json\/wp\/v2\/tags?post=60893"}],"curies":[{"name":"wp","href":"https:\/\/api.w.org\/{rel}","templated":true}]}}