{"id":60852,"date":"2017-12-11T00:00:00","date_gmt":"2017-12-11T06:00:00","guid":{"rendered":"https:\/\/dralvarez.com.mx\/larevista\/blog\/inauguracion-de-la-exposicion-de-estampas-del-circo-mexicano-y-conferencia-no-oigo-soy-sorda-pero-20514"},"modified":"2017-12-11T00:00:00","modified_gmt":"2017-12-11T06:00:00","slug":"inauguracion-de-la-exposicion-de-estampas-del-circo-mexicano-y-conferencia-no-oigo-soy-sorda-pero-20514","status":"publish","type":"post","link":"https:\/\/dralvarez.com.mx\/larevista\/compeche\/inauguracion-de-la-exposicion-de-estampas-del-circo-mexicano-y-conferencia-no-oigo-soy-sorda-pero-20514","title":{"rendered":"Inauguraci\u00f3n de la exposici\u00f3n de estampas del circo mexicano y conferencia \u201cNo oigo, soy sorda, pero\u2026\u201d"},"content":{"rendered":"<p>En el marco de la Tercera Jornada de Discapacidad, el Sistema Estatal para el Desarrollo Integral de la Familia (DIF), a trav\u00e9s de la Direcci\u00f3n de Atenci\u00f3n Social y Discapacidad, organiz\u00f3 una exposici\u00f3n de estampas del Circo Mexicano y la conferencia \u201cNo Oigo, Soy Sorda, Pero\u2026\u201d, impartida por la escritora Graciela Rasc\u00f3n Miranda, quien padece sordera profunda.<\/p>\n<p>En el patio central de la Mansi\u00f3n Carvajal, se llev\u00f3 a cabo la exposici\u00f3n de estampas de circo mexicano, propiedad de Juan Pablo de la Cruz Pereyra, compuesta de 25 impresiones sobre papel guarro de la publicidad de prensa y volantes de esta actividad, que van desde los a\u00f1os 40 a los a\u00f1os 80, presentando una cronolog\u00eda de la evoluci\u00f3n visual de este tipo de recurso.<\/p>\n<p>Por otra parte, la conferencia \u201cNo Oigo, soy Sorda, Pero&#8230;\u201d tuvo el objetivo de sensibilizar a los participantes sobre la importancia de respetar los derechos de las personas con discapacidad.<\/p>\n<p>La expositora, Rasc\u00f3n Miranda, tiene una sordera profunda y se convirti\u00f3 en una activista social a consecuencia de la necesidad de comunicaci\u00f3n. Ha impartido cursos y talleres de lengua de se\u00f1as en diferentes universidades de M\u00e9xico.<\/p>\n<p>Su trayectoria la llev\u00f3 a diferentes plataformas como conferencista motivacional en foros a nivel nacional e internacional y en mayo del a\u00f1o 2017 el Claustro doctoral Iberoamericano le otorg\u00f3 el Doctorado Honoris Causa.<\/p>\n","protected":false},"excerpt":{"rendered":"<p>En el marco de la Tercera Jornada de Discapacidad, el Sistema Estatal para el Desarrollo Integral de la Familia (DIF), a trav\u00e9s de la Direcci\u00f3n de Ate<\/p>\n","protected":false},"author":1018,"featured_media":0,"comment_status":"open","ping_status":"open","sticky":false,"template":"","format":"standard","meta":{"tdm_status":"","tdm_grid_status":"","footnotes":""},"categories":[27],"tags":[],"_links":{"self":[{"href":"https:\/\/dralvarez.com.mx\/larevista\/wp-json\/wp\/v2\/posts\/60852"}],"collection":[{"href":"https:\/\/dralvarez.com.mx\/larevista\/wp-json\/wp\/v2\/posts"}],"about":[{"href":"https:\/\/dralvarez.com.mx\/larevista\/wp-json\/wp\/v2\/types\/post"}],"author":[{"embeddable":true,"href":"https:\/\/dralvarez.com.mx\/larevista\/wp-json\/wp\/v2\/users\/1018"}],"replies":[{"embeddable":true,"href":"https:\/\/dralvarez.com.mx\/larevista\/wp-json\/wp\/v2\/comments?post=60852"}],"version-history":[{"count":0,"href":"https:\/\/dralvarez.com.mx\/larevista\/wp-json\/wp\/v2\/posts\/60852\/revisions"}],"wp:attachment":[{"href":"https:\/\/dralvarez.com.mx\/larevista\/wp-json\/wp\/v2\/media?parent=60852"}],"wp:term":[{"taxonomy":"category","embeddable":true,"href":"https:\/\/dralvarez.com.mx\/larevista\/wp-json\/wp\/v2\/categories?post=60852"},{"taxonomy":"post_tag","embeddable":true,"href":"https:\/\/dralvarez.com.mx\/larevista\/wp-json\/wp\/v2\/tags?post=60852"}],"curies":[{"name":"wp","href":"https:\/\/api.w.org\/{rel}","templated":true}]}}