{"id":60809,"date":"2017-12-11T00:00:00","date_gmt":"2017-12-11T06:00:00","guid":{"rendered":"https:\/\/dralvarez.com.mx\/larevista\/blog\/conferencia-historia-de-la-escenografia-teatral-20470"},"modified":"2017-12-11T00:00:00","modified_gmt":"2017-12-11T06:00:00","slug":"conferencia-historia-de-la-escenografia-teatral-20470","status":"publish","type":"post","link":"https:\/\/dralvarez.com.mx\/larevista\/compeche\/conferencia-historia-de-la-escenografia-teatral-20470","title":{"rendered":"Conferencia \u201cHistoria de la escenograf\u00eda teatral\u201d"},"content":{"rendered":"<\/p>\n<p>En el marco del XVIII<br \/>\nAniversario de la Declaratoria de Patrimonio Mundial de la Humanidad, Ciudad de<br \/>\nCampeche, y el Festival Internacional del Centro Hist\u00f3rico, se llev\u00f3 a cabo la<br \/>\nconferencia &#8220;Historia de la escenograf\u00eda teatral&#8221;, impartida por el<br \/>\nreconocido especialista, Mtro. Alejandro Luna.<\/p>\n<p>El conferencista expuso<br \/>\nsobre la arquitectura y escenograf\u00eda teatral, los inicios del teatro griego<br \/>\nhasta el Renacimiento,  as\u00ed como las diferentes manifestaciones<br \/>\nescenogr\u00e1ficas.<\/p>\n<p>Cabe destacar que el<br \/>\ntambi\u00e9n integrante del Seminario de Cultura Mexicana es arquitecto,<br \/>\nescen\u00f3grafo, y acad\u00e9mico, ha montado la escenograf\u00eda e iluminaci\u00f3n para m\u00e1s de<br \/>\n200 obras teatrales y 20 \u00f3peras en el pa\u00eds, Estados Unidos, Asia y Europa.<\/p>\n<p>Al t\u00e9rmino de la<br \/>\nconferencia el Mtro. Alejandro Luna  fue reconocido por su destacada<br \/>\nparticipaci\u00f3n; la entrega estuvo a cargo de la Subsecretaria de Cultura,<br \/>\nMtra. Juanita Rodr\u00edguez Delgado; la Regidora de Cultura, Laura Hern\u00e1ndez Pacheco<br \/>\ny el Coordinador de Patrimonio Cultural, Alejandro Mcgregor Gonz\u00e1lez.<\/p>\n<p><b>EXPOSICI\u00d3N \u201cCRISTALES<br \/>\nSO\u00d1ADORES\u201d<\/b><\/p>\n<p>Por otro lado, se<br \/>\ninaugur\u00f3 la exposici\u00f3n &#8220;Cristales so\u00f1adores&#8221; del artista pl\u00e1stico<br \/>\nJorge Zutuzura, en la Casa Municipal de Cultura.<\/p>\n<p>Gran parte de los<br \/>\npersonajes presentes en la colecci\u00f3n nacen de la inspiraci\u00f3n de las obras de<br \/>\nTheodore Stugeon, &#8220;Mis primeros dos mil a\u00f1os&#8221;, de George Sylvester y<br \/>\nlas fascinantes obras de H. P. Lovercraft, literatura presente en la infancia<br \/>\ndel artista.<\/p>\n<p>Las 24 obras expuestas<br \/>\nincorporan una vivaz paleta de colores intensos y yuxtapuestos a los<br \/>\npersonajes, creando armon\u00eda y contraste en los cuadros. Acompa\u00f1aron al artista<br \/>\nen la apertura de la exposici\u00f3n, la titular de la Unidad de Cultura, Diana<br \/>\nLorena Escalante Arceo; el Coordinador de la Carnaval y Fiestas<br \/>\nTradicionales, Manuel Ram\u00f3n Dzul Chiquini y la vocal del Comit\u00e9 Ciudadano de<br \/>\nCarnaval y Fiestas Tradicionales, Bettina Ortiz Pereyra.<\/p>\n<p><b>CONCIERTO DE ORQUESTA<br \/>\nDE C\u00c1MARA<\/b><\/p>\n<p>La Orquesta de C\u00e1mara<br \/>\nde Campeche present\u00f3 el &#8220;Concierto Hispanoamericano, por los 500 a\u00f1os del<br \/>\nnombre de Campeche&#8221;, en el marco de los festejos del Aniversario de la<br \/>\nDeclaratoria de Patrimonio Mundial de la Humanidad, Ciudad de Campeche.<\/p>\n<p>La sede de la gala fue el<br \/>\nBaluarte de Santa Rosa, donde bajo la direcci\u00f3n musical del Mtro. Gabriel Tamay<br \/>\nCarrillo, la Orquesta present\u00f3 un repertorio que incluy\u00f3 canciones de<br \/>\nArgentina, Per\u00fa, Venezuela, Brasil y M\u00e9xico, destacando canciones muy<br \/>\nrepresentativas del folklore mexicano.<\/p>\n<p>Al finalizar su<br \/>\npresentaci\u00f3n el director, Gabriel Tamay, recibi\u00f3 un merecido reconocimiento a<br \/>\nnombre de la Orquesta de C\u00e1mara de Campeche, la entrega la realiz\u00f3 el<br \/>\nCoordinador de Patrimonio Cultural del Unidad de Cultura del &nbsp;Ayuntamiento de Campeche, Alejandro MacGregor<br \/>\nGonz\u00e1lez.<\/p><\/p>\n","protected":false},"excerpt":{"rendered":"<p>En el marco del XVIII Aniversario de la Declaratoria de Patrimonio Mundial de la Humanidad, Ciudad de Campeche, y el Festival Internacional del Centro<\/p>\n","protected":false},"author":1018,"featured_media":0,"comment_status":"open","ping_status":"open","sticky":false,"template":"","format":"standard","meta":{"tdm_status":"","tdm_grid_status":"","footnotes":""},"categories":[27],"tags":[],"_links":{"self":[{"href":"https:\/\/dralvarez.com.mx\/larevista\/wp-json\/wp\/v2\/posts\/60809"}],"collection":[{"href":"https:\/\/dralvarez.com.mx\/larevista\/wp-json\/wp\/v2\/posts"}],"about":[{"href":"https:\/\/dralvarez.com.mx\/larevista\/wp-json\/wp\/v2\/types\/post"}],"author":[{"embeddable":true,"href":"https:\/\/dralvarez.com.mx\/larevista\/wp-json\/wp\/v2\/users\/1018"}],"replies":[{"embeddable":true,"href":"https:\/\/dralvarez.com.mx\/larevista\/wp-json\/wp\/v2\/comments?post=60809"}],"version-history":[{"count":0,"href":"https:\/\/dralvarez.com.mx\/larevista\/wp-json\/wp\/v2\/posts\/60809\/revisions"}],"wp:attachment":[{"href":"https:\/\/dralvarez.com.mx\/larevista\/wp-json\/wp\/v2\/media?parent=60809"}],"wp:term":[{"taxonomy":"category","embeddable":true,"href":"https:\/\/dralvarez.com.mx\/larevista\/wp-json\/wp\/v2\/categories?post=60809"},{"taxonomy":"post_tag","embeddable":true,"href":"https:\/\/dralvarez.com.mx\/larevista\/wp-json\/wp\/v2\/tags?post=60809"}],"curies":[{"name":"wp","href":"https:\/\/api.w.org\/{rel}","templated":true}]}}