{"id":60780,"date":"2017-12-08T00:00:00","date_gmt":"2017-12-08T06:00:00","guid":{"rendered":"https:\/\/dralvarez.com.mx\/larevista\/blog\/reunion-de-seplan-y-copladecam-en-la-junta-municipal-de-nunkini-calkini-20436"},"modified":"2017-12-08T00:00:00","modified_gmt":"2017-12-08T06:00:00","slug":"reunion-de-seplan-y-copladecam-en-la-junta-municipal-de-nunkini-calkini-20436","status":"publish","type":"post","link":"https:\/\/dralvarez.com.mx\/larevista\/compeche\/reunion-de-seplan-y-copladecam-en-la-junta-municipal-de-nunkini-calkini-20436","title":{"rendered":"Reuni\u00f3n de SEPLAN y COPLADECAM en la junta municipal de Nunkin\u00ed, Calkin\u00ed"},"content":{"rendered":"<p>El secretario de Planeaci\u00f3n (SEPLAN) y Coordinador General del Comit\u00e9 de Planeaci\u00f3n y Desarrollo del Estado de Campeche (COPLADECAM), Ram\u00f3n Arredondo Anguiano, encabez\u00f3 una reuni\u00f3n de trabajo y acompa\u00f1amiento en la junta municipal de Nunkin\u00ed, del municipio de Calkin\u00ed, para el seguimiento de obras y acciones del 2017 y orientar la planeaci\u00f3n de las que se requieren en el ejercicio fiscal  2018, en donde dijo que el gobierno estatal aplica en este municipio 228 millones 663 mil 035 pesos.<\/p>\n<p>Al visitar la junta municipal de Nunkin\u00ed, y en compa\u00f1\u00eda del presidente municipal de Calkin\u00ed y de la junta de esta comunidad, Emiliano Canul Ake y Jorge Ram\u00f3n Can Haas, respectivamente; el titular de la SEPLAN inform\u00f3 que en este municipio el gobierno estatal ejerce 228 millones 663 mil 035 pesos en los rubros: Igualdad de Oportunidades, Fortaleza Econ\u00f3mica, Aprovechamiento de la Riqueza, Sociedad Fuerte y Protegida, a trav\u00e9s de diversas secretar\u00edas e instituciones; y enfatiz\u00f3 que en el ejercicio 2016-2017 se invirtieron en este municipio 369 millones 622 mil 763 pesos. <\/p>\n<p>Por otra parte, mencion\u00f3 que en Nunkin\u00ed se ejecutan siete millones 723 mil 190 pesos en ampliaci\u00f3n de la red de distribuci\u00f3n de energ\u00eda el\u00e9ctrica, construcci\u00f3n de ba\u00f1os, pisos firmes, banquetas, conservaci\u00f3n del camino de Nunkin\u00ed-Santa Cruz, en la localidad de Pucnach\u00e9n, entre otras.<\/p>\n<p>Destac\u00f3 la importancia de una buena planeaci\u00f3n en los ejercicios fiscales para poder realizar las obras y acciones que sean necesarias para la comunidad. <\/p>\n<p>\u201cEs por ello la importancia de realizar este ejercicio de planeaci\u00f3n, ya que no solo sirve para planificar lo que la administraci\u00f3n requiere hacer en la comunidad en el a\u00f1o, sino hacerlo juntos como sociedad y el gobierno\u201d, indic\u00f3.<\/p>\n<p>A\u00f1adi\u00f3 que en la cabecera de Calkin\u00ed en este a\u00f1o se aplican 195 millones 276 mil 187 pesos, incluidos los recursos de transferencia a municipios por 90 millones 090 mil 392 pesos.<\/p>\n<p>Explic\u00f3 que las juntas municipales no tienen asignados recursos para realizar obras, solo para peque\u00f1as necesidades y dependen del municipio y del estado; por lo que el coordinador del Copladecam Arredondo Anguiano, afirm\u00f3 que la construcci\u00f3n de la avenida de acceso a Nunkin\u00ed ya es una realidad, con un monto de dos millones 532 mil 228 pesos en su primera etapa y para la segunda etapa alrededor de cuatro millones, con recursos del 2017. De igual manera, prosigui\u00f3, se tiene contemplado el techado del Bazar Artesanal por la cantidad de un mill\u00f3n 200 mil pesos.<\/p>\n<p>Se\u00f1al\u00f3, que con la buena coordinaci\u00f3n entre los tres \u00f3rdenes de gobierno: federal, estatal y municipal, se trabaja para fortalecer las obras y acciones que permitan avanzar en el desarrollo econ\u00f3mico, y social de este municipio del Camino Real.<\/p>\n<p>Afirm\u00f3 que el Gobernador Alejandro Moreno C\u00e1rdenas est\u00e1 pendiente de las necesidades de todas las comunidades y Juntas, es por ello que se realizan estas actividades participativas, parte del Coplademun, entre sociedad y gobierno; pues, permite la pluralidad y la transparencia. <\/p>\n<p>El funcionario estatal se comprometi\u00f3 en atender las solicitudes para el pr\u00f3ximo ejercicio 2018 y exponerlas para ver cu\u00e1les ser\u00e1n prioritarias. Entre las solicitudes que se le hicieron destacan la construcci\u00f3n de gradas y techumbre de la Unidad Deportiva \u201cEl Gato Negro\u201d, la remodelaci\u00f3n del parque principal de esta comunidad, la construcci\u00f3n de la ciclopista, el tramo Nunkin\u00ed-Calkin\u00ed, la remodelaci\u00f3n de la cancha del barrio de San Francisco, as\u00ed como de la repavimentaci\u00f3n y bacheo de calles, construcci\u00f3n de ba\u00f1os, techos y pisos para vivienda; al igual que construcci\u00f3n de banquetas.<\/p>\n<p>En tanto, el edil de Calkin\u00ed agradeci\u00f3 el respaldo del Gobernador para impulsar proyectos que permitan el desarrollo de los calkinienses y garanticen su crecimiento social y econ\u00f3mico.<\/p>\n<p>Antes de concluir la reuni\u00f3n de trabajo el secretario de Planeaci\u00f3n entreg\u00f3 al presidente municipal de Calkin\u00ed y al presidente de la Junta, Jorge Can Haas, ejemplares del II Informe de Gobierno para su acervo bibliogr\u00e1fico.<\/p>\n<p>Estuvieron presentes en la reuni\u00f3n de trabajo, el director de Planeaci\u00f3n del municipio, Oscar Pacheco L\u00f3pez; regidores y s\u00edndicos de la Junta de Nunkin\u00ed; el subsecretario de Desarrollo Municipal de la SEPLAN, Jorge Cervera Zetina; y el director de Programas de Inversi\u00f3n de la SEPLAN, Ignacio Morales Puc.<\/p>\n","protected":false},"excerpt":{"rendered":"<p>El secretario de Planeaci\u00f3n (SEPLAN) y Coordinador General del Comit\u00e9 de Planeaci\u00f3n y Desarrollo del Estado de Campeche (COPLADECAM), Ram\u00f3n Arredondo<\/p>\n","protected":false},"author":1018,"featured_media":0,"comment_status":"open","ping_status":"open","sticky":false,"template":"","format":"standard","meta":{"tdm_status":"","tdm_grid_status":"","footnotes":""},"categories":[27],"tags":[],"_links":{"self":[{"href":"https:\/\/dralvarez.com.mx\/larevista\/wp-json\/wp\/v2\/posts\/60780"}],"collection":[{"href":"https:\/\/dralvarez.com.mx\/larevista\/wp-json\/wp\/v2\/posts"}],"about":[{"href":"https:\/\/dralvarez.com.mx\/larevista\/wp-json\/wp\/v2\/types\/post"}],"author":[{"embeddable":true,"href":"https:\/\/dralvarez.com.mx\/larevista\/wp-json\/wp\/v2\/users\/1018"}],"replies":[{"embeddable":true,"href":"https:\/\/dralvarez.com.mx\/larevista\/wp-json\/wp\/v2\/comments?post=60780"}],"version-history":[{"count":0,"href":"https:\/\/dralvarez.com.mx\/larevista\/wp-json\/wp\/v2\/posts\/60780\/revisions"}],"wp:attachment":[{"href":"https:\/\/dralvarez.com.mx\/larevista\/wp-json\/wp\/v2\/media?parent=60780"}],"wp:term":[{"taxonomy":"category","embeddable":true,"href":"https:\/\/dralvarez.com.mx\/larevista\/wp-json\/wp\/v2\/categories?post=60780"},{"taxonomy":"post_tag","embeddable":true,"href":"https:\/\/dralvarez.com.mx\/larevista\/wp-json\/wp\/v2\/tags?post=60780"}],"curies":[{"name":"wp","href":"https:\/\/api.w.org\/{rel}","templated":true}]}}