{"id":60775,"date":"2017-12-08T00:00:00","date_gmt":"2017-12-08T06:00:00","guid":{"rendered":"https:\/\/dralvarez.com.mx\/larevista\/blog\/gobernador-amc-inaugura-museo-de-arqueologia-subacuatica-unico-en-america-20431"},"modified":"2017-12-08T00:00:00","modified_gmt":"2017-12-08T06:00:00","slug":"gobernador-amc-inaugura-museo-de-arqueologia-subacuatica-unico-en-america-20431","status":"publish","type":"post","link":"https:\/\/dralvarez.com.mx\/larevista\/compeche\/gobernador-amc-inaugura-museo-de-arqueologia-subacuatica-unico-en-america-20431","title":{"rendered":"Gobernador AMC inaugura museo de arqueolog\u00eda subacu\u00e1tica, \u00fanico en am\u00e9rica"},"content":{"rendered":"<p>Tras hacer un reconocimiento al respaldo del presidente Enrique Pe\u00f1a Nieto y del Instituto Nacional de Antropolog\u00eda e Historia (INAH), el gobernador Alejandro Moreno C\u00e1rdenas inaugur\u00f3 esta tarde el Museo de Arqueolog\u00eda Subacu\u00e1tica, el primero en su tipo en toda Am\u00e9rica, integrado por seis salas que exhiben 426 piezas recuperadas durante m\u00e1s de 30 a\u00f1os de las profundidades del Golfo de M\u00e9xico, el mar Caribe y partes sumergidas de la Pen\u00ednsula, y que con el uso de las nuevas tecnolog\u00edas se convierte en un novedoso espacio museogr\u00e1fico tem\u00e1tico y referente obligado para el turismo nacional e internacional.<\/p>\n<p>En el marco de la inauguraci\u00f3n, el titular del Ejecutivo anunci\u00f3 la construcci\u00f3n de un telef\u00e9rico para el pr\u00f3ximo a\u00f1o que tendr\u00eda una longitud de 550 metros lineales, saldr\u00eda del monumento a Benito Ju\u00e1rez y se trasladar\u00eda al muelle de los pescadores de la colonia \u201cCamino Real\u201d, donde retornar\u00eda. El proyecto incluye un parque lineal para unir al monumento con el museo subacu\u00e1tico.<\/p>\n<p>\u201cCampeche est\u00e1 dando de qu\u00e9 hablar a nivel nacional. Este es un logro importante, pues es un proyecto que nos coloca como pioneros, a la vanguardia y en el centro del panorama nacional y mundial, pero tambi\u00e9n nos permite dar pasos importantes para consolidarnos no s\u00f3lo como una entidad de paz, armon\u00eda y tranquilidad, sino como una potencia tur\u00edstica de M\u00e9xico\u201d, enfatiz\u00f3.<\/p>\n<p>Reconoci\u00f3 que el gobierno federal ha apostado mucho al turismo y a la cultura, y respaldado a entidades como Campeche para que aprovechen su riqueza natural, arqueol\u00f3gica y cultural. \u201cQuiero reconocer todo el apoyo que ha otorgado el presidente Enrique Pe\u00f1a Nieto, porque el trabajo en equipo nos ha permitido consolidar proyectos que nos est\u00e1n ayudando a fortalecer otras vocaciones\u201d, asever\u00f3.<\/p>\n<p>Indic\u00f3 que M\u00e9xico ha pasado de ser el pa\u00eds 26 m\u00e1s visitado en el mundo, a ser la octava potencia, lo que demuestra que se est\u00e1n dando pasos importantes en la materia, lo cual conlleva a asumir un compromiso serio y contundente que contribuya a mejorar el bienestar de vida de las familias.<\/p>\n<p>Por su parte, el coordinador nacional de Museos y Exposiciones del Instituto Nacional de Antropolog\u00eda e Historia (INAH), Jos\u00e9 Enrique Ortiz Lanz, coment\u00f3 que este proyecto cultural enriquece la vida de la ciudad, pues fue el primer proyecto arqueol\u00f3gico nacional que comenz\u00f3 en Campeche y que hoy el Gobierno de China lo nombr\u00f3 como el m\u00e1s importante del mundo, este a\u00f1o. <\/p>\n<p>Antes, el director del Centro INAH Campeche, Antonio Benavides Castillo, a\u00f1adi\u00f3 que el museo, que estar\u00e1 abierto de martes a domingo en horario de 8.00 a 17.00 horas, da cuenta no s\u00f3lo de la historia prehisp\u00e1nica, sino de la formaci\u00f3n de las poblaciones que existieron hace miles de a\u00f1os y de los espacios geol\u00f3gicos.<\/p>\n<p>En la ceremonia, estuvieron presentes el titular del Poder Legislativo, Ram\u00f3n M\u00e9ndez Lanz; el alcalde Edgar Hern\u00e1ndez Hern\u00e1n-dez; la arque\u00f3loga submarina, Mar\u00eda del Pilar Luna Erreguerena; la directora de Museos del Centro INAH Campeche, Claudia Elena Escalante D\u00edaz; los secretarios de Cultura, Delio Carrillo P\u00e9rez; de Turismo, Jorge Manos Esparragoza y de Desarrollo Ur-bano, Obras P\u00fablicas e Infraestructura, Edilberto Buenfil Montalvo, y el presidente del Patronato de la Ciudad, Joaqu\u00edn S\u00e1nchez G\u00f3mez, entre otros funcionarios. <\/p>\n<p><b>Seis salas del museo subacu\u00e1tico, un recorrido<br \/>\ndesde la prehistoria hasta el Siglo XX<\/b><\/p>\n<p>El museo, cuya sede es el reducto San Jos\u00e9 el Alto, invita a hacer un recorrido por la prehistoria -algunos de los vestigios hallados tienen m\u00e1s de mil 800 a\u00f1os de antig\u00fcedad- hasta el siglo XX, y cuenta con c\u00e9dulas en Braille, videos traducidos en lengua de se\u00f1as mexicano y reproducciones de piezas, rampas de acceso, entre otros elementos, que facilitan la visita de personas con discapacidad visual, auditiva y motriz. Por estas condiciones estructurales, este espacio fue distinguido como ejemplo de buenas pr\u00e1cticas en materia de protecci\u00f3n, conservaci\u00f3n y difusi\u00f3n del Patrimonio Cultural Subacu\u00e1tico.<\/p>\n<p>Dentro de las 426 piezas que se exhiben, entre prehisp\u00e1nicas y coloniales, se incluye una colecci\u00f3n de esmeraldas, descubierta recientemente en un naufragio ubicado en el arrecife Alacranes, considerado el m\u00e1s importante  en su tipo fuera de Colombia.<\/p>\n<p>La primera de las seis salas museogr\u00e1ficas, es una introducci\u00f3n a los contextos que comprende la arqueolog\u00eda subacu\u00e1tica como son r\u00edos, lagos, lagunas, manantiales, cenotes y cuevas inundadas. <\/p>\n<p>La segunda sala, una de las m\u00e1s atractivas, hace referencia a los restos de la megafauna descubierta en cuevas inundadas de la Pen\u00ednsula de Yucat\u00e1n, y muestra el esqueleto casi completo de \u201cNaia\u201d, una adolescente que de forma accidental debi\u00f3 caer en la cueva, conocida como \u201cHoyo Negro\u201d, hace m\u00e1s de 12 mil a\u00f1os, que se presume es la habitante  de Am\u00e9rica, m\u00e1s antigua, hallada hasta el momento. <\/p>\n<p>Dedicada a la \u00e9poca prehisp\u00e1nica, la tercera sala exhibe vestigios que fueron depositados por los mayas dentro de los cenotes y brinda la oportunidad, con el uso de los interactivos h\u00e1pticos, conocer el modo en que fueron recuperados. En la secci\u00f3n 4 se ambienta la forma en que yacen piezas del siglo XVI, en el lecho marino y se exhiben algunas que son emblema para los campe-chanos, como el ca\u00f1\u00f3n denominado \u201cmedia culebrina\u201d, el m\u00e1s antiguo en su tipo localizado en el hemisferio occidental, y la ca\u00f1a de tim\u00f3n o del \u201cperro galgo\u201d, encontrado a finales del siglo XIX en un afluente del r\u00edo Palizada.<\/p>\n<p>La sala 5 re\u00fane el devenir de los siglos XVII y XVIII, mostrando parte del rico cargamento de joyas, principalmente esmeraldas, con que iba cargada una embarcaci\u00f3n que naufrag\u00f3 en el arrecife \u201cAlacranes\u201d. Debido a la importancia de esta colecci\u00f3n que incluye 210 piezas de diversos tama\u00f1os, entre cruces, anillos, adornos para el manto de la virgen, una decena de mondadientes, cuentas de rosario, medallas, escapularios, la mayor\u00eda elaboradas en oro, son resguardadas en vitrinas de alta tecnolog\u00eda y 24 c\u00e1maras de vigilancia.<\/p>\n<p>La \u00faltima sala, muestra la historia de otros naufragios ocurridos en los siglos XIX y XX. En esta novedosa oferta muse\u00edstica que hoy abre sus puertas al p\u00fablico, la Coordinaci\u00f3n Nacional de Museos y Exposiciones del IINAH y el Gobierno del Estado invirtieron cerca de 20 millones de pesos.<\/p>\n<div><b>Palabras del Gobernador del Estado, Alejandro Moreno C\u00e1rdenas<\/b><\/div>\n<div><\/div>\n<div>Muy buenas tardes, amigas y amigos que hoy nos acompa\u00f1an. Quiero agradecer\u2026 Joaqu\u00edn, vente para ac\u00e1, Joaqu\u00edn, eres el presidente del Patronato. Primero, muy buenas tardes, agradecerles a todas y a todos su presencia, a todas las autoridades, invitados especiales, Presidente Municipal, titulares de organismos que hoy nos acompa\u00f1an. Agradecerles mucho a los rectores que se encuentran con nosotros, a todos los funcionarios de los tres niveles de gobierno.<\/p>\n<p>Quiero anunciarles y compartirles que estoy no s\u00f3lo muy contento por haber hecho este trabajo y realizado este enorme compromiso que asumimos; y el enorme reconocimiento al INAH, a su representante aqu\u00ed, a To\u00f1o Benavides. Muchas gracias, siempre, porque aqu\u00ed contamos con el apoyo y con el respaldo del INAH a nivel estatal y a nivel nacional, y que sea usted el portavoz para agradecerle al director general del INAH, Jos\u00e9 Enrique tambi\u00e9n, agradecerle mucho a Diego Prieto por todo su apoyo, por todo su respaldo porque hemos podido lograr esta aspiraci\u00f3n importante para los campechanos.<\/p>\n<p>Este Museo nos pone, como bien ha dicho aqu\u00ed Antonio Benavides, no s\u00f3lo como pioneros y en la vanguardia en la Pen\u00ednsula sino en M\u00e9xico, porque son 426 piezas que hoy se tienen aqu\u00ed, que hoy podemos presumir no s\u00f3lo a los campechanos sino a los turistas nacionales e internacionales que hoy nos acompa\u00f1an.<\/p>\n<p>A la doctora Pilar Luna, gracias por su apoyo porque es usted no s\u00f3lo un referente nacional sino internacional, y la felicitamos por su premio que ya en unos d\u00edas lo va a recibir en China y es, orgullosamente, un gran logro; as\u00ed que otra vez, muchas felicidades y nuestro reconocimiento a la doctora Pilar Luna. Agradecerle tambi\u00e9n porque en este trabajo conjunto hemos contado con el apoyo decidido de Jos\u00e9 Enrique Ortiz Lanz, muchas gracias por estar aqu\u00ed; Claudia Escalante, muchas gracias por tu trabajo, siempre.<\/p>\n<p>Y obviamente agradecerle mucho a la Secretar\u00eda de Obras P\u00fablicas, agradecerle mucho al ingeniero Edilberto Buenfil; a Erick Aguilar, gracias por estar aqu\u00ed. Creo que este trabajo que se ha hecho hoy con el compromiso de todos ustedes, es un logro importante para Campeche. Siempre lo he dicho, hoy, con el Museo de Arqueolog\u00eda Subacu\u00e1tica que es fundamental para nosotros presumirlo a Campeche y al mundo.<\/p>\n<p>Siempre he dicho que cuando se quiere, se puede; y hoy estamos dando pasos importantes en Campeche para consolidar no s\u00f3lo a nuestro Estado como un Estado de paz, de armon\u00eda y de tranquilidad; para consolidarlo como una potencia tur\u00edstica. M\u00e9xico y lo tengo que se\u00f1alar aqu\u00ed, M\u00e9xico ha contado hoy con un gobierno que le ha apostado con todo al turismo, que le ha apostado todo a la cultura, que est\u00e1 apostando a los Estados como Campeche para apoyarnos y para respaldarnos.<\/p>\n<p>Y hoy lo quiero significar y reconocerle todo su apoyo al gobierno del Presidente Enrique Pe\u00f1a Nieto por su respaldo y por su trabajo, porque esa es la esencia, fundamental, de trabajar en equipo; trabajar en equipo y consolidar proyectos que a los Estados nos ayuden a fortalecer otras vocaciones. Y Campeche hoy ha encontrado en la cultura, en el turismo, en nuestros bosques, en nuestras selvas, en tener Calakmul, en tener Edzn\u00e1, en tener El Tigre, en tener El Cuyo, en tener Los Petenes, en tener muchas riquezas\u2026 Hoy tenemos este Museo, hoy tenemos la ciudad fortificada de San Francisco de Campeche y es un logro de todos y cada uno de los que estamos aqu\u00ed, con una responsabilidad que es \u00fanica: Poner a Campeche en el centro del panorama nacional y mundial.<\/p>\n<p>As\u00ed lo estamos logrando, as\u00ed estamos consolidando y construyendo el mejor Campeche que queremos para nuestros hijos. Por eso, de estar aqu\u00ed, en este bello espacio y maravilloso espacio\u2026 Vean esta tarde que hay, con un clima maravilloso. Y ahora que ven\u00eda y recorr\u00edamos para llegar aqu\u00ed a San Jos\u00e9 El Alto, les dec\u00edamos que ve\u00eda que tenemos que ir modernizando y dejando cada d\u00eda m\u00e1s m\u00e1s bello para poder llegar aqu\u00ed.<\/p>\n<p>As\u00ed que hoy le instruyo al Secretario de Obras P\u00fablicas para que inicie el proyecto, un proyecto ambicioso que siempre he querido\u2026 Para iniciar lo que es, un proyecto para buscar los recursos y construir el primer telef\u00e9rico que tendr\u00edamos aqu\u00ed, para que desemboque aqu\u00ed, para que llegu\u00e9 aqu\u00ed al Museo y sea una atracci\u00f3n de primera para los visitantes.<\/p>\n<p>Y tambi\u00e9n, s\u00e9 que est\u00e1n modernizando y arreglando all\u00e1 en Santa Luc\u00eda, s\u00e9 que el Presidente Municipal est\u00e1 trabajando tambi\u00e9n con todos ustedes\u2026 Hay que apoyar con todo para que los visitantes, principalmente tambi\u00e9n los campechanos, mujeres y hombres, conozcan, disfruten, gocen y vean las maravillas que tenemos en Campeche. A Delio tambi\u00e9n, que le digas a Maraki que estamos trabajando juntos, que nos ayude, que gestiones, que promovamos.<\/p>\n<p>Y ahora que ve\u00eda las piezas, para terminar, les digo, les platicaba que tuve la oportunidad de estar en M\u00e9xico, en el Museo de Antropolog\u00eda, y de conocer la exposici\u00f3n maravillosa que tuvimos a bien visitar y ve\u00edamos que muchas de las piezas, la mayor\u00eda de las piezas preciosas que estaban en esa exposici\u00f3n hoy en el Museo de Antropolog\u00eda, son piezas de Jaina, como est\u00e1n aqu\u00ed tambi\u00e9n. Entonces, es no s\u00f3lo un orgullo, es un honor poderlas tener aqu\u00ed en Campeche y lo que puedo terminar dici\u00e9ndoles es: Cuidemos lo que tenemos, cuid\u00e9moslo, estemos atentos, no permitamos que nadie destruya, que nadie pinte, que nadie manche.<\/p>\n<p>Hay que estar pendientes, es un compromiso tambi\u00e9n, como ciudadanos, de cuidar y preservar lo que tenemos en nuestro Estado. Y presumamos a Campeche, este es el Campeche que hoy queremos, un Campeche que est\u00e1 dando no s\u00f3lo de qu\u00e9 hablar a nivel nacional\u2026 Porque M\u00e9xico, hoy, tiene un gran destino por delante; de ser el pa\u00eds n\u00famero 26 m\u00e1s visitado en el mundo, hoy somos la octava potencia tur\u00edstica.<\/p>\n<p>Hoy estamos, como un pa\u00eds, dando pasos importantes, as\u00ed que debemos de tener un compromiso serio, un compromiso contundente con el bienestar de las familias mexicanas y de las familias campechanas. A todas, a todos quienes est\u00e1n aqu\u00ed, les agradezco mucho, me da much\u00edsimo gusto que est\u00e9n. Vamos a disfrutarlo y a los medios de comunicaci\u00f3n, la m\u00e1s amplia difusi\u00f3n en todas sus plataformas, en los peri\u00f3dicos, en la radio, en la tele, en las redes sociales, porque eso es lo que nos ayuda.<\/p>\n<p>Difundamos y presumamos Campeche y lo \u00fanico que les puedo decir es que cuentan con el apoyo de mi gobierno, con el gobierno decidido de Alejandro Moreno para impulsar y para poner a Campeche donde debe estar: En los lugares m\u00e1s altos, con un Estado moderno, con un Estado que innove, que construya y que transforme, y para que los campechanos tengan una mejor calidad de vida. As\u00ed que, muchas gracias, muchas felicidades y a ver el Museo y a conocerlo, \u00bfeh?, muchas gracias.<\/div>\n","protected":false},"excerpt":{"rendered":"<p>El Museo de Arqueolog\u00eda Subacu\u00e1tica, es el primero en su tipo en toda Am\u00e9rica.<\/p>\n","protected":false},"author":1018,"featured_media":0,"comment_status":"open","ping_status":"open","sticky":false,"template":"","format":"standard","meta":{"tdm_status":"","tdm_grid_status":"","footnotes":""},"categories":[27],"tags":[],"_links":{"self":[{"href":"https:\/\/dralvarez.com.mx\/larevista\/wp-json\/wp\/v2\/posts\/60775"}],"collection":[{"href":"https:\/\/dralvarez.com.mx\/larevista\/wp-json\/wp\/v2\/posts"}],"about":[{"href":"https:\/\/dralvarez.com.mx\/larevista\/wp-json\/wp\/v2\/types\/post"}],"author":[{"embeddable":true,"href":"https:\/\/dralvarez.com.mx\/larevista\/wp-json\/wp\/v2\/users\/1018"}],"replies":[{"embeddable":true,"href":"https:\/\/dralvarez.com.mx\/larevista\/wp-json\/wp\/v2\/comments?post=60775"}],"version-history":[{"count":0,"href":"https:\/\/dralvarez.com.mx\/larevista\/wp-json\/wp\/v2\/posts\/60775\/revisions"}],"wp:attachment":[{"href":"https:\/\/dralvarez.com.mx\/larevista\/wp-json\/wp\/v2\/media?parent=60775"}],"wp:term":[{"taxonomy":"category","embeddable":true,"href":"https:\/\/dralvarez.com.mx\/larevista\/wp-json\/wp\/v2\/categories?post=60775"},{"taxonomy":"post_tag","embeddable":true,"href":"https:\/\/dralvarez.com.mx\/larevista\/wp-json\/wp\/v2\/tags?post=60775"}],"curies":[{"name":"wp","href":"https:\/\/api.w.org\/{rel}","templated":true}]}}