{"id":59920,"date":"2017-11-13T00:00:00","date_gmt":"2017-11-13T06:00:00","guid":{"rendered":"https:\/\/dralvarez.com.mx\/larevista\/blog\/el-amigolibo-promueve-la-vida-en-comunidad-19548"},"modified":"2017-11-13T00:00:00","modified_gmt":"2017-11-13T06:00:00","slug":"el-amigolibo-promueve-la-vida-en-comunidad-19548","status":"publish","type":"post","link":"https:\/\/dralvarez.com.mx\/larevista\/yucatan\/el-amigolibo-promueve-la-vida-en-comunidad-19548","title":{"rendered":"El #AmigoLibo promueve la vida en comunidad"},"content":{"rendered":"<\/p>\n<p>La vida en familia es la base del desarrollo de la comunidad y en gran parte depende de la uni\u00f3n social que se genera a partir de la convivencia diaria por lo que es importante contar con espacios p\u00fablicos que la promuevan, ese fue el sentido del programa #DonoMiSueldo del mes de noviembre.<\/p>\n<p>El fraccionamiento Los H\u00e9roes es un espacio que alberga a una gran cantidad de familias j\u00f3venes, algunos de ellos se han organizado en un Comit\u00e9 Proconstrucci\u00f3n para reunir recursos que les permitan la construcci\u00f3n de la capilla de los Santos M\u00e1rtires Mexicanos, por lo que recurrieron a Liborio Vidal Aguilar para concretar este anhelo.<\/p>\n<p>El Pbro. Mat\u00edas Rosado agradeci\u00f3 el trabajo que realiza la comunidad y el inter\u00e9s que han demostrado por contar con un espacio que permita la convivencia pero tambi\u00e9n el cuidado de la parte espiritual inherente al ser humano.<\/p>\n<p>A trav\u00e9s de #DonoMiSueldo, el #AmigoLibo ha contribuido con medicamentos y tratamientos para ni\u00f1os con c\u00e1ncer, con el cuidado y protecci\u00f3n del medio ambiente, con mejorar los espacios en asilos y casas de ancianos.<\/p>\n<p>Tambi\u00e9n ha donado los 86 mil 253 pesos de su salario como diputado federal al grupo \u201cFraternidad\u201d de Drogadictos An\u00f3nimos, a Vifac que se dedica a crear un espacio para proteger a las mujeres embarazadas en situaci\u00f3n vulnerable, as\u00ed como a \u201cConstruyendo Sonrisas\u201d que brinda atenci\u00f3n a ni\u00f1os con deficiencia mental.<\/p>\n<p>\u201cMe siento muy honrado de esta oportunidad que la vida me ha dado de tener la fortuna de poder contribuir con quienes se dedican a ayudar a los dem\u00e1s, me sorprende gratamente lo que la gente puede lograr cuando se une y se organiza, por eso me siento muy comprometido con sus causas\u201d, dijo Vidal Aguilar.<\/p>\n<p>En el evento estuvo presente el integrante del comit\u00e9 ciudadano, Jos\u00e9 Mar\u00eda Sab\u00edn Sab\u00edn, el diputado federal Francisco Torres Rivas, as\u00ed como los arquitectos Carolina Mungu\u00eda y Marco Corrado Palafox y el Ing. Antonio Ju\u00e1rez Robledo.<\/p><\/p>\n","protected":false},"excerpt":{"rendered":"<p>El programa #DonoMiSueldo se fortalece como apoyo para la sociedad yucateca.<\/p>\n","protected":false},"author":1018,"featured_media":0,"comment_status":"open","ping_status":"open","sticky":false,"template":"","format":"standard","meta":{"tdm_status":"","tdm_grid_status":"","footnotes":""},"categories":[21],"tags":[],"_links":{"self":[{"href":"https:\/\/dralvarez.com.mx\/larevista\/wp-json\/wp\/v2\/posts\/59920"}],"collection":[{"href":"https:\/\/dralvarez.com.mx\/larevista\/wp-json\/wp\/v2\/posts"}],"about":[{"href":"https:\/\/dralvarez.com.mx\/larevista\/wp-json\/wp\/v2\/types\/post"}],"author":[{"embeddable":true,"href":"https:\/\/dralvarez.com.mx\/larevista\/wp-json\/wp\/v2\/users\/1018"}],"replies":[{"embeddable":true,"href":"https:\/\/dralvarez.com.mx\/larevista\/wp-json\/wp\/v2\/comments?post=59920"}],"version-history":[{"count":0,"href":"https:\/\/dralvarez.com.mx\/larevista\/wp-json\/wp\/v2\/posts\/59920\/revisions"}],"wp:attachment":[{"href":"https:\/\/dralvarez.com.mx\/larevista\/wp-json\/wp\/v2\/media?parent=59920"}],"wp:term":[{"taxonomy":"category","embeddable":true,"href":"https:\/\/dralvarez.com.mx\/larevista\/wp-json\/wp\/v2\/categories?post=59920"},{"taxonomy":"post_tag","embeddable":true,"href":"https:\/\/dralvarez.com.mx\/larevista\/wp-json\/wp\/v2\/tags?post=59920"}],"curies":[{"name":"wp","href":"https:\/\/api.w.org\/{rel}","templated":true}]}}