{"id":59845,"date":"2017-11-09T00:00:00","date_gmt":"2017-11-09T06:00:00","guid":{"rendered":"https:\/\/dralvarez.com.mx\/larevista\/blog\/christelle-castanon-de-moreno-inaugura-talleres-productivos-artesanales-ruta-del-camino-real-19469"},"modified":"2017-11-09T00:00:00","modified_gmt":"2017-11-09T06:00:00","slug":"christelle-castanon-de-moreno-inaugura-talleres-productivos-artesanales-ruta-del-camino-real-19469","status":"publish","type":"post","link":"https:\/\/dralvarez.com.mx\/larevista\/compeche\/christelle-castanon-de-moreno-inaugura-talleres-productivos-artesanales-ruta-del-camino-real-19469","title":{"rendered":"Christelle Casta\u00f1\u00f3n de Moreno inaugura \u201cTalleres productivos artesanales, ruta del camino real\u201d"},"content":{"rendered":"<p>Con el prop\u00f3sito de generar acciones que impulsen el desarrollo econ\u00f3mico, social y cultural de los artesanos, la Presidenta del Patronato del DIF Estatal, Christelle Casta\u00f1\u00f3n de Moreno, inaugur\u00f3 los \u201cTalleres Productivos Artesanales, Ruta del Camino Real\u201d, que vendr\u00e1n a fortalecer la cadena artesanal de nuestro Estado, y entreg\u00f3 de manera simb\u00f3lica certificados a 10 talleres productivos artesanales, como parte del compromiso cumplido en campa\u00f1a a favor del desarrollo de la actividad artesanal.<\/p>\n<p>En su intervenci\u00f3n, Casta\u00f1\u00f3n de Moreno dijo que lo anterior ha sido posible por la suma de inter\u00e9s del Instituto Estatal para el Fomento de las Actividades Artesanales en Campeche (INEFAAC); de la Secretar\u00eda de Desarrollo Social (SEDESOL), a trav\u00e9s del  Fondo Nacional para el Fomento de las Artesan\u00edas (FONART); de la Comisi\u00f3n Nacional para el Desarrollo de los Pueblos Ind\u00edgenas (CDI), a trav\u00e9s de sus Programas de Apoyo a la Producci\u00f3n y Productividad Ind\u00edgena; logrando as\u00ed la culminaci\u00f3n del proyecto \u201cRuta Artesanal del Camino Real\u201d, que incluye nueve talleres productivos y el parador tur\u00edstico de B\u00e9cal, donde recorrieron las 10 hect\u00e1reas de palma.<\/p>\n<p>-Estamos aqu\u00ed como un compromiso cumplido, que fue parte de la campa\u00f1a, hoy vemos esta realidad gracias al trabajo en equipo  de muchas instituciones, que se van a traducir en mejorar la calidad de los productos, que van atraer turismo nacional e internacional, y ofrecer\u00e1n productos que nos representar\u00e1n en todo el mundo -se\u00f1al\u00f3.<\/p>\n<p>Como parte de la gira, Casta\u00f1\u00f3n de Moreno y dem\u00e1s autoridades inauguraron la Ruta Artesanal del Camino Real; posteriormente, visitaron los talleres artesanales TukulKolei Fibras Vegetales, en la Junta Municipal de Becal; el taller artesanal Pool  Che  Madera, en la cabecera municipal y el Taller Artesanal HuTukul Meya Textil, en Santa Cruz Hecelchak\u00e1n.<\/p>\n<p>Por su parte, la Directora de INEFAAC, Marissa Moreno Parrao, subray\u00f3 que el proyecto dirigido a los artesanos emprendedores, tiene como objetivo apoyar las cooperativas que se han formado en las localidades, bajo las cuales trabajan de manera formal y estructurada, logrando impulsar su desarrollo y consolidaci\u00f3n como productores artesanales, facilitando la estandarizaci\u00f3n de requisitos y t\u00e9cnicas de producci\u00f3n basados en est\u00e1ndares de calidad artesanal internacional, as\u00ed como su enlace con unidades comercializadoras para colocar sus productos al acceso de mercados nacionales e internacionales.<\/p>\n<p>Agradeci\u00f3 a los representantes de las instituciones que han contribuido a detonar la comercializaci\u00f3n y habilidad en la venta de las artesan\u00edas, que son adquiridos por nacionales y extranjeros, aclar\u00f3, que estos se vuelven detonantes la econom\u00eda de la regi\u00f3n y de sus familias.<\/p>\n<p>Asimismo, subray\u00f3 que particularmente para Calkin\u00ed se han invertido m\u00e1s de ocho millones  de pesos en aspectos de capacitaci\u00f3n, comercializaci\u00f3n y sobre todo, en que cada producto tenga una alta calidad. <\/p>\n<p>En el proyecto participan artesanos de Hecelchak\u00e1n, Calkin\u00ed, B\u00e9cal, Santa Cruz Ex Hacienda, San Antonio Sahcabch\u00e9n, entre otros.<\/p>\n<p>Mientras que el delegado del CDI, Joaqu\u00edn \u00c1lvarez  Arana, se\u00f1al\u00f3 diversos programas se suman para contrarrestar la marginaci\u00f3n de los pueblos ind\u00edgenas, mediante el programa de Apoyo a la Producci\u00f3n y Productividad Ind\u00edgena, en el que se invirtieron 500 mil pesos para esta ruta.<\/p>\n<p>En la gira estuvieron presentes el Presidente Municipal de Calkin\u00ed, Jos\u00e9  Emiliano Ak\u00e9 Canul; el secretario de Desarrollo Econ\u00f3mico (SEDECO), Jos\u00e9 Berzunza Esp\u00ednola; el secretario de Desarrollo Social y Humano (SEDESYH), Jorge Alberto Chanona Echeverr\u00eda;  el secretario de Desarrollo Rural (SDR), Armando Toledo Jamit; el Delegado de la Sedesol, Christi\u00e1n Castro Bello; la Directora del DIF, Silvia Parrao Arceo; y en representaci\u00f3n de los artesanos Zayda Griselda Tucuch Cal\u00e1n.<\/p>\n","protected":false},"excerpt":{"rendered":"<p>Con el prop\u00f3sito de generar acciones que impulsen el desarrollo econ\u00f3mico, social y cultural de los artesanos, la Presidenta del Patronato del DIF Est<\/p>\n","protected":false},"author":1018,"featured_media":0,"comment_status":"open","ping_status":"open","sticky":false,"template":"","format":"standard","meta":{"tdm_status":"","tdm_grid_status":"","footnotes":""},"categories":[27],"tags":[],"_links":{"self":[{"href":"https:\/\/dralvarez.com.mx\/larevista\/wp-json\/wp\/v2\/posts\/59845"}],"collection":[{"href":"https:\/\/dralvarez.com.mx\/larevista\/wp-json\/wp\/v2\/posts"}],"about":[{"href":"https:\/\/dralvarez.com.mx\/larevista\/wp-json\/wp\/v2\/types\/post"}],"author":[{"embeddable":true,"href":"https:\/\/dralvarez.com.mx\/larevista\/wp-json\/wp\/v2\/users\/1018"}],"replies":[{"embeddable":true,"href":"https:\/\/dralvarez.com.mx\/larevista\/wp-json\/wp\/v2\/comments?post=59845"}],"version-history":[{"count":0,"href":"https:\/\/dralvarez.com.mx\/larevista\/wp-json\/wp\/v2\/posts\/59845\/revisions"}],"wp:attachment":[{"href":"https:\/\/dralvarez.com.mx\/larevista\/wp-json\/wp\/v2\/media?parent=59845"}],"wp:term":[{"taxonomy":"category","embeddable":true,"href":"https:\/\/dralvarez.com.mx\/larevista\/wp-json\/wp\/v2\/categories?post=59845"},{"taxonomy":"post_tag","embeddable":true,"href":"https:\/\/dralvarez.com.mx\/larevista\/wp-json\/wp\/v2\/tags?post=59845"}],"curies":[{"name":"wp","href":"https:\/\/api.w.org\/{rel}","templated":true}]}}