{"id":59843,"date":"2017-11-09T00:00:00","date_gmt":"2017-11-09T06:00:00","guid":{"rendered":"https:\/\/dralvarez.com.mx\/larevista\/blog\/xxv-asamblea-general-ordinaria-de-la-red-de-radiodifusoras-y-televisoras-educativas-y-culturales-de-mexico-19467"},"modified":"2017-11-09T00:00:00","modified_gmt":"2017-11-09T06:00:00","slug":"xxv-asamblea-general-ordinaria-de-la-red-de-radiodifusoras-y-televisoras-educativas-y-culturales-de-mexico-19467","status":"publish","type":"post","link":"https:\/\/dralvarez.com.mx\/larevista\/compeche\/xxv-asamblea-general-ordinaria-de-la-red-de-radiodifusoras-y-televisoras-educativas-y-culturales-de-mexico-19467","title":{"rendered":"XXV Asamblea General Ordinaria de la Red de Radiodifusoras y Televisoras Educativas y Culturales de M\u00e9xico"},"content":{"rendered":"<p>El jefe de la Unidad de Comunicaci\u00f3n Social, Walter Olivera Valladares dio, en representaci\u00f3n del gobernador Alejandro Moreno C\u00e1rdenas, la bienvenida a los m\u00e1s de 60 comunicadores de todo el pa\u00eds que participan en la XXV Asamblea General Ordinaria de la Red de Radiodifusoras y Televisoras Educativas y Culturales de M\u00e9xico que se celebrar\u00e1 en Campeche los d\u00edas 9 y 10 de noviembre. Estuvieron presentes, el jefe de la Oficina del Gobernador, Claudio Cetina G\u00f3mez; la presidenta de la Red, Blanca Lilia Ibarra Cadena, el director de Televisi\u00f3n y Radio de Campeche (TRC), Omar Vargas Guzm\u00e1n y el senador Daniel \u00c1vila. <\/p>\n","protected":false},"excerpt":{"rendered":"<p>XXV Asamblea General Ordinaria de la Red de Radiodifusoras y Televisoras Educativas y Culturales de M\u00e9xico.<\/p>\n","protected":false},"author":1018,"featured_media":0,"comment_status":"open","ping_status":"open","sticky":false,"template":"","format":"standard","meta":{"tdm_status":"","tdm_grid_status":"","footnotes":""},"categories":[27],"tags":[],"_links":{"self":[{"href":"https:\/\/dralvarez.com.mx\/larevista\/wp-json\/wp\/v2\/posts\/59843"}],"collection":[{"href":"https:\/\/dralvarez.com.mx\/larevista\/wp-json\/wp\/v2\/posts"}],"about":[{"href":"https:\/\/dralvarez.com.mx\/larevista\/wp-json\/wp\/v2\/types\/post"}],"author":[{"embeddable":true,"href":"https:\/\/dralvarez.com.mx\/larevista\/wp-json\/wp\/v2\/users\/1018"}],"replies":[{"embeddable":true,"href":"https:\/\/dralvarez.com.mx\/larevista\/wp-json\/wp\/v2\/comments?post=59843"}],"version-history":[{"count":0,"href":"https:\/\/dralvarez.com.mx\/larevista\/wp-json\/wp\/v2\/posts\/59843\/revisions"}],"wp:attachment":[{"href":"https:\/\/dralvarez.com.mx\/larevista\/wp-json\/wp\/v2\/media?parent=59843"}],"wp:term":[{"taxonomy":"category","embeddable":true,"href":"https:\/\/dralvarez.com.mx\/larevista\/wp-json\/wp\/v2\/categories?post=59843"},{"taxonomy":"post_tag","embeddable":true,"href":"https:\/\/dralvarez.com.mx\/larevista\/wp-json\/wp\/v2\/tags?post=59843"}],"curies":[{"name":"wp","href":"https:\/\/api.w.org\/{rel}","templated":true}]}}