{"id":59812,"date":"2017-11-08T00:00:00","date_gmt":"2017-11-08T06:00:00","guid":{"rendered":"https:\/\/dralvarez.com.mx\/larevista\/blog\/secont-capacita-a-su-personal-19436"},"modified":"2017-11-08T00:00:00","modified_gmt":"2017-11-08T06:00:00","slug":"secont-capacita-a-su-personal-19436","status":"publish","type":"post","link":"https:\/\/dralvarez.com.mx\/larevista\/compeche\/secont-capacita-a-su-personal-19436","title":{"rendered":"SECONT capacita a su personal"},"content":{"rendered":"<p>La Secretar\u00eda de la Contralor\u00eda del Gobierno del Estado (SECONT), en coordinaci\u00f3n con el Instituto Electoral del Estado de Campeche (IEEC), llev\u00f3 a cabo el curso \u201cManejo Responsable de las Redes Sociales como Servidores P\u00fablicos\u201d, impartido por Francisco Javier Ac Ordo\u00f1ez, Consejero de la dependencia electoral; y que estuvo dirigido a todo el personal que labora en la SECONT.<\/p>\n<p>Al inaugurar el curso, Laura Luna Garc\u00eda, titular de la SECONT, mencion\u00f3 que el objetivo es brindar un servicio p\u00fablico con calidad y calidez, as\u00ed como hacer del conocimiento a la sociedad, las acciones que las instituciones realizan en beneficio de los usuarios del servicio p\u00fablico a trav\u00e9s de las redes sociales, ya que poseen por su naturalidad un gran alcance, en ocasiones imprescindibles e incontrolable. Asimismo, puntualiz\u00f3 que la capacitaci\u00f3n y actualizaci\u00f3n son prioridad del gobierno, con la \u00fanica mira de generar en Campeche y para todos los ciudadanos la credibilidad y confianza en las instituciones para proveer mejores servicios.<\/p>\n","protected":false},"excerpt":{"rendered":"<p>Imparte curso \u201cManejo responsable de redes sociales como servidores p\u00fablicos\u201d.<\/p>\n","protected":false},"author":1018,"featured_media":0,"comment_status":"open","ping_status":"open","sticky":false,"template":"","format":"standard","meta":{"tdm_status":"","tdm_grid_status":"","footnotes":""},"categories":[27],"tags":[],"_links":{"self":[{"href":"https:\/\/dralvarez.com.mx\/larevista\/wp-json\/wp\/v2\/posts\/59812"}],"collection":[{"href":"https:\/\/dralvarez.com.mx\/larevista\/wp-json\/wp\/v2\/posts"}],"about":[{"href":"https:\/\/dralvarez.com.mx\/larevista\/wp-json\/wp\/v2\/types\/post"}],"author":[{"embeddable":true,"href":"https:\/\/dralvarez.com.mx\/larevista\/wp-json\/wp\/v2\/users\/1018"}],"replies":[{"embeddable":true,"href":"https:\/\/dralvarez.com.mx\/larevista\/wp-json\/wp\/v2\/comments?post=59812"}],"version-history":[{"count":0,"href":"https:\/\/dralvarez.com.mx\/larevista\/wp-json\/wp\/v2\/posts\/59812\/revisions"}],"wp:attachment":[{"href":"https:\/\/dralvarez.com.mx\/larevista\/wp-json\/wp\/v2\/media?parent=59812"}],"wp:term":[{"taxonomy":"category","embeddable":true,"href":"https:\/\/dralvarez.com.mx\/larevista\/wp-json\/wp\/v2\/categories?post=59812"},{"taxonomy":"post_tag","embeddable":true,"href":"https:\/\/dralvarez.com.mx\/larevista\/wp-json\/wp\/v2\/tags?post=59812"}],"curies":[{"name":"wp","href":"https:\/\/api.w.org\/{rel}","templated":true}]}}