{"id":59807,"date":"2017-11-08T00:00:00","date_gmt":"2017-11-08T06:00:00","guid":{"rendered":"https:\/\/dralvarez.com.mx\/larevista\/blog\/jorge-chanona-supervisa-programas-sociales-en-calkini-19431"},"modified":"2017-11-08T00:00:00","modified_gmt":"2017-11-08T06:00:00","slug":"jorge-chanona-supervisa-programas-sociales-en-calkini-19431","status":"publish","type":"post","link":"https:\/\/dralvarez.com.mx\/larevista\/compeche\/jorge-chanona-supervisa-programas-sociales-en-calkini-19431","title":{"rendered":"Jorge Chanona supervisa programas sociales en Calkin\u00ed"},"content":{"rendered":"<p>Con un nueva actitud estamos haciendo pol\u00edtica social con acciones eficientes y transparentes para romper el c\u00edrculo de la pobreza y crear escenarios de bienestar para todos, expres\u00f3 el secretario de Desarrollo Social y Humano (SEDESYH), Jorge Chanona Echeverr\u00eda, al supervisar los programas sociales \u201cAPRENDE\u201d y \u201cCRECE\u201d en el municipio de Calkin\u00ed.<\/p>\n<p>En la comunidad de San Antonio Sahcabch\u00e9n, Chanona Echeverr\u00eda visit\u00f3 a beneficiarios del programa \u201cCRECE\u201d que a trav\u00e9s de los microcr\u00e9ditos han hecho crecer sus negocios, como Alejandra Chan Chabl\u00e9 y Mar\u00eda Rosa Mis Dzib, con sus ventas de vasos y platos desechables y cr\u00eda de aves de corral, respectivamente.<\/p>\n<p>Ah\u00ed dijo que en el gobierno de Alejandro Moreno C\u00e1rdenas \u201ctenemos claro que apoyar a la mujer es contribuir al mejoramiento del entorno social y econ\u00f3mico de muchas familias\u201d.<\/p>\n<p>Posteriormente en la cabecera municipal de Calkin\u00ed, visit\u00f3 a microempresarios beneficiarios del programa \u201cCRECE\u201d y se reuni\u00f3 con artesanos participantes del taller \u201cEmpoderamiento Ind\u00edgena\u201d con el que se brindan las herramientas b\u00e1sicas y capacidades a mujeres y hombres productores de este municipio, buscando de esta manera su empoderamiento econ\u00f3mico.<\/p>\n<p>\u201cEste gobierno trabaja para empoderar a los campechanos, a trav\u00e9s de la extensi\u00f3n de sus capacidades, para la superaci\u00f3n de los rezagos en materia social, que les permitan salir adelante\u201d, se\u00f1al\u00f3.<\/p>\n<p>Asimismo el titular de la SEDESYH supervis\u00f3 el programa \u201cAprende\u201d en el Colegio Nacional de Educaci\u00f3n Profesional T\u00e9cnica (CONALEP) plantel Dzitbalch\u00e9, donde dialog\u00f3 con estudiantes beneficiarios con becas de servicio social y de transporte.<\/p>\n<p>\u201cEl alma de una sociedad est\u00e1 en la energ\u00eda y los sue\u00f1os de los j\u00f3venes\u201d, dijo a los estudiantes al mismo tiempo que los exhort\u00f3 a seguirse preparando acad\u00e9micamente, pues \u201cpara las casusas de los j\u00f3venes campechanos, siempre habr\u00e1 recursos disponibles\u201d.<\/p>\n","protected":false},"excerpt":{"rendered":"<p>Con un nueva actitud estamos haciendo pol\u00edtica social con acciones eficientes y transparentes para romper el c\u00edrculo de la pobreza y crear escenarios<\/p>\n","protected":false},"author":1018,"featured_media":0,"comment_status":"open","ping_status":"open","sticky":false,"template":"","format":"standard","meta":{"tdm_status":"","tdm_grid_status":"","footnotes":""},"categories":[27],"tags":[],"_links":{"self":[{"href":"https:\/\/dralvarez.com.mx\/larevista\/wp-json\/wp\/v2\/posts\/59807"}],"collection":[{"href":"https:\/\/dralvarez.com.mx\/larevista\/wp-json\/wp\/v2\/posts"}],"about":[{"href":"https:\/\/dralvarez.com.mx\/larevista\/wp-json\/wp\/v2\/types\/post"}],"author":[{"embeddable":true,"href":"https:\/\/dralvarez.com.mx\/larevista\/wp-json\/wp\/v2\/users\/1018"}],"replies":[{"embeddable":true,"href":"https:\/\/dralvarez.com.mx\/larevista\/wp-json\/wp\/v2\/comments?post=59807"}],"version-history":[{"count":0,"href":"https:\/\/dralvarez.com.mx\/larevista\/wp-json\/wp\/v2\/posts\/59807\/revisions"}],"wp:attachment":[{"href":"https:\/\/dralvarez.com.mx\/larevista\/wp-json\/wp\/v2\/media?parent=59807"}],"wp:term":[{"taxonomy":"category","embeddable":true,"href":"https:\/\/dralvarez.com.mx\/larevista\/wp-json\/wp\/v2\/categories?post=59807"},{"taxonomy":"post_tag","embeddable":true,"href":"https:\/\/dralvarez.com.mx\/larevista\/wp-json\/wp\/v2\/tags?post=59807"}],"curies":[{"name":"wp","href":"https:\/\/api.w.org\/{rel}","templated":true}]}}