{"id":59806,"date":"2017-11-08T00:00:00","date_gmt":"2017-11-08T06:00:00","guid":{"rendered":"https:\/\/dralvarez.com.mx\/larevista\/blog\/crece-cobertura-de-educacion-inicial-en-el-estado-19430"},"modified":"2017-11-08T00:00:00","modified_gmt":"2017-11-08T06:00:00","slug":"crece-cobertura-de-educacion-inicial-en-el-estado-19430","status":"publish","type":"post","link":"https:\/\/dralvarez.com.mx\/larevista\/compeche\/crece-cobertura-de-educacion-inicial-en-el-estado-19430","title":{"rendered":"Crece cobertura de educaci\u00f3n inicial en el estado"},"content":{"rendered":"<p>El Estado de Campeche ampliar\u00e1 la cobertura y atenci\u00f3n en el rubro de educaci\u00f3n inicial en el marco de las nuevas pol\u00edticas educativas que se est\u00e1n consolidando en el pa\u00eds, afirm\u00f3 el titular de la Secretar\u00eda de Educaci\u00f3n (SEDUC), Ricardo Medina Farf\u00e1n, al realizar la inauguraci\u00f3n del \u201cTaller Estatal de Inicio de Ciclo Operativo 2017-2018 de Educaci\u00f3n Inicial\u201d y hacer entrega simb\u00f3lica de nombramientos a nuevas figuras operativas.<\/p>\n<p>En acto realizado en el \u201cEdificio B\u201d de la dependencia estatal, acompa\u00f1ado del delegado en Campeche del Consejo Nacional de Fomento Educativo (CONAFE), Rom\u00e1n Iv\u00e1n Acosta Estrella, el encargado de las pol\u00edticas educativas del Estado destac\u00f3 la importancia de este rubro espec\u00edfico en la formaci\u00f3n en la vida de las ni\u00f1as y ni\u00f1os, ya que precis\u00f3, la etapa inicial es una de las m\u00e1s fundamentales en el aprendizaje.<\/p>\n<p>Medina Farf\u00e1n a\u00f1adi\u00f3 que en educaci\u00f3n cada esfuerzo est\u00e1 concadenado por lo que el buen trabajo que se realice en esta etapa de la vida formativa, sin duda va a implicar mejores resultados en la adquisici\u00f3n de conocimientos en preescolar, primaria, y todo el periodo educativo de una persona, por ello, -dijo-, se tiene que iniciar bien con los menores e ir generando mucho sentido de responsabilidad en las familias para alentar, cuidar y proteger a sus hijos.<\/p>\n<p>\u201cAl final lo que ustedes hacen por las ni\u00f1as y los ni\u00f1os es muy importante; no hay nada m\u00e1s importante que el proyecto de vida de una persona, que debe tener un buen inicio, y un buen inicio educativo; ustedes contribuyen a todo eso, a desarrollar las capacidades psicomotrices, adem\u00e1s que sirven de acompa\u00f1amiento a las madres y padres de familia para que se involucren en el desarrollo de sus hijos que es fundamental para lograr todo lo que se est\u00e1 impulsando\u201d, se\u00f1al\u00f3.<\/p>\n<p>En tanto, el delegado del CONAFE destac\u00f3 el constante y cercano apoyo de la SEDUC al coadyuvar a desarrollar esta tarea de formaci\u00f3n en las comunidades del Estado. Precis\u00f3 que ahora, de la mano con las nuevas estructuras y el apoyo de estas figuras educativas, se ayudar\u00e1 a dar seguimiento a las acciones que este consejo implementa, donde no llega la educaci\u00f3n regular, en los lugares m\u00e1s apartados y con estas personas.<\/p>\n<p>Por su parte, la coordinadora del Programa de Educaci\u00f3n Inicial y B\u00e1sica (PEIB) de la SEDUC, Ang\u00e9lica Guerrero Sasia, refiri\u00f3 que Campeche est\u00e1 situado en la agenda de la primera infancia en la prioridad del CONAFE y gracias a las gestiones conjuntas entre los organismos, la entidad cumple con una meta que permite ir avanzando y tener nuevos proyectos.<\/p>\n<p>Prueba de ello es la autorizaci\u00f3n de 107 nuevas figuras operativas, a trav\u00e9s de las que se permite avanzar y ampliar la cobertura del programa al pasar de 284 a 389 comunidades atendidas; para ello, indic\u00f3 que se hizo un trabajo de focalizaci\u00f3n para determinar d\u00f3nde era necesario abrir estos servicios de educaci\u00f3n inicial.<\/p>\n<p>Cabe mencionar que en el marco de esta actividad se hizo entrega de paquetes de material educativo y nombramientos a las nuevas figuras educativas de educaci\u00f3n inicial para este ciclo 2017-2018; siendo G\u00e9nesis Guadalupe Huicab Ascencio nombrada coordinadora Acad\u00e9mica Estatal de Educaci\u00f3n Inicial; Agustina May Ontiveros, como coordinadora Acad\u00e9mica de la Regi\u00f3n Hopelch\u00e9n-Calakmul, Miriam Baeza Guill\u00e9n, como coordinadora Acad\u00e9mica de la Regi\u00f3n Champot\u00f3n, Tenabo, Calkin\u00ed,  y Esperanza del Carmen Mart\u00ednez P\u00e9rez como coordinadora Acad\u00e9mica de la Regi\u00f3n de los municipios de Carmen, Candelaria y Palizada.<\/p>\n","protected":false},"excerpt":{"rendered":"<p>*Inaugura secretario de Educaci\u00f3n inicio de ciclo operativo 2017-2018 de este nivel.<\/p>\n","protected":false},"author":1018,"featured_media":0,"comment_status":"open","ping_status":"open","sticky":false,"template":"","format":"standard","meta":{"tdm_status":"","tdm_grid_status":"","footnotes":""},"categories":[27],"tags":[],"_links":{"self":[{"href":"https:\/\/dralvarez.com.mx\/larevista\/wp-json\/wp\/v2\/posts\/59806"}],"collection":[{"href":"https:\/\/dralvarez.com.mx\/larevista\/wp-json\/wp\/v2\/posts"}],"about":[{"href":"https:\/\/dralvarez.com.mx\/larevista\/wp-json\/wp\/v2\/types\/post"}],"author":[{"embeddable":true,"href":"https:\/\/dralvarez.com.mx\/larevista\/wp-json\/wp\/v2\/users\/1018"}],"replies":[{"embeddable":true,"href":"https:\/\/dralvarez.com.mx\/larevista\/wp-json\/wp\/v2\/comments?post=59806"}],"version-history":[{"count":0,"href":"https:\/\/dralvarez.com.mx\/larevista\/wp-json\/wp\/v2\/posts\/59806\/revisions"}],"wp:attachment":[{"href":"https:\/\/dralvarez.com.mx\/larevista\/wp-json\/wp\/v2\/media?parent=59806"}],"wp:term":[{"taxonomy":"category","embeddable":true,"href":"https:\/\/dralvarez.com.mx\/larevista\/wp-json\/wp\/v2\/categories?post=59806"},{"taxonomy":"post_tag","embeddable":true,"href":"https:\/\/dralvarez.com.mx\/larevista\/wp-json\/wp\/v2\/tags?post=59806"}],"curies":[{"name":"wp","href":"https:\/\/api.w.org\/{rel}","templated":true}]}}