{"id":59805,"date":"2017-11-08T00:00:00","date_gmt":"2017-11-08T06:00:00","guid":{"rendered":"https:\/\/dralvarez.com.mx\/larevista\/blog\/entregan-nombramiento-a-director-de-la-escuela-normal-rural-de-hecelchakan-19429"},"modified":"2017-11-08T00:00:00","modified_gmt":"2017-11-08T06:00:00","slug":"entregan-nombramiento-a-director-de-la-escuela-normal-rural-de-hecelchakan-19429","status":"publish","type":"post","link":"https:\/\/dralvarez.com.mx\/larevista\/compeche\/entregan-nombramiento-a-director-de-la-escuela-normal-rural-de-hecelchakan-19429","title":{"rendered":"Entregan nombramiento a director de la Escuela Normal Rural de Hecelchak\u00e1n"},"content":{"rendered":"<p>Por instrucciones del Gobernador Alejandro Moreno C\u00e1rdenas, el secretario de Educaci\u00f3n, Ricardo Medina Farf\u00e1n, hizo entrega de nombramiento como director de la Escuela Normal Rural &#8220;Justo Sierra M\u00e9ndez&#8221; de Hecelchak\u00e1n, a Roberto G\u00f3ngora Canul. El acto se realiz\u00f3 en el auditorio &#8220;Mar\u00eda Bel\u00e9n Flores Ocampo&#8221; de este centro escolar, ante la comunidad educativa. El titular de la Secretar\u00eda de Educaci\u00f3n (SEDUC) asever\u00f3 que con esta designaci\u00f3n se continuar\u00e1 avanzando en consolidar esta escuela formadora de docentes como una de las m\u00e1s importantes del pa\u00eds.<\/p>\n","protected":false},"excerpt":{"rendered":"<p>Entregan nombramiento a director de la Escuela Normal Rural de Hecelchak\u00e1n.<\/p>\n","protected":false},"author":1018,"featured_media":0,"comment_status":"open","ping_status":"open","sticky":false,"template":"","format":"standard","meta":{"tdm_status":"","tdm_grid_status":"","footnotes":""},"categories":[27],"tags":[],"_links":{"self":[{"href":"https:\/\/dralvarez.com.mx\/larevista\/wp-json\/wp\/v2\/posts\/59805"}],"collection":[{"href":"https:\/\/dralvarez.com.mx\/larevista\/wp-json\/wp\/v2\/posts"}],"about":[{"href":"https:\/\/dralvarez.com.mx\/larevista\/wp-json\/wp\/v2\/types\/post"}],"author":[{"embeddable":true,"href":"https:\/\/dralvarez.com.mx\/larevista\/wp-json\/wp\/v2\/users\/1018"}],"replies":[{"embeddable":true,"href":"https:\/\/dralvarez.com.mx\/larevista\/wp-json\/wp\/v2\/comments?post=59805"}],"version-history":[{"count":0,"href":"https:\/\/dralvarez.com.mx\/larevista\/wp-json\/wp\/v2\/posts\/59805\/revisions"}],"wp:attachment":[{"href":"https:\/\/dralvarez.com.mx\/larevista\/wp-json\/wp\/v2\/media?parent=59805"}],"wp:term":[{"taxonomy":"category","embeddable":true,"href":"https:\/\/dralvarez.com.mx\/larevista\/wp-json\/wp\/v2\/categories?post=59805"},{"taxonomy":"post_tag","embeddable":true,"href":"https:\/\/dralvarez.com.mx\/larevista\/wp-json\/wp\/v2\/tags?post=59805"}],"curies":[{"name":"wp","href":"https:\/\/api.w.org\/{rel}","templated":true}]}}