{"id":59794,"date":"2017-11-08T00:00:00","date_gmt":"2017-11-08T06:00:00","guid":{"rendered":"https:\/\/dralvarez.com.mx\/larevista\/blog\/premian-a-ganadores-de-concurso-de-titulacion-en-derechos-humanos-19418"},"modified":"2017-11-08T00:00:00","modified_gmt":"2017-11-08T06:00:00","slug":"premian-a-ganadores-de-concurso-de-titulacion-en-derechos-humanos-19418","status":"publish","type":"post","link":"https:\/\/dralvarez.com.mx\/larevista\/yucatan\/premian-a-ganadores-de-concurso-de-titulacion-en-derechos-humanos-19418","title":{"rendered":"Premian a ganadores de concurso de titulaci\u00f3n en derechos humanos"},"content":{"rendered":"<p>M\u00e9rida, Yuc., a 07 de noviembre de 2017.-  Juan Pablo Cort\u00e9s Robles de la Escuela de Derecho de la Universidad Marista de M\u00e9rida y Graciela Mayte Chal\u00e9 Cervantes de la Facultad de Psicolog\u00eda de la Universidad Aut\u00f3noma de Yucat\u00e1n, fueron los ganadores del Premio a la mejor tesis para titulaci\u00f3n sobre derechos  humanos en licenciatura y maestr\u00eda, respectivamente.<\/p>\n<p>Cada uno de los ganadores del concurso, convocado por la Comisi\u00f3n de Derechos Humanos del Estado de Yucat\u00e1n (CODHEY) y que este a\u00f1o se realiz\u00f3 en conjunto con el Colegio de Abogados de Yucat\u00e1n, obtuvo un premio en efectivo de 10 mil pesos as\u00ed como el reconocimiento por el trabajo presentado.<\/p>\n<p>El Ombudsman, Jos\u00e9 Enrique Goff Ailloud destac\u00f3 la participaci\u00f3n de j\u00f3venes universitarios de distintas \u00e1reas del conocimiento en temas de investigaci\u00f3n sobre derechos humanos, lo que refleja la transversalidad del tema en la sociedad.<\/p>\n<p>Y reiter\u00f3 el papel fundamental de los j\u00f3venes universitarios en la defensa y respeto de los derechos humanos en la sociedad.<\/p>\n<p>\u201cCon peque\u00f1as acciones de todos los d\u00edas, como respetando los espacios de las personas con discapacidad en los estacionamiento, fomentando la convivencia libre de violencia en la escuela y en la casa estamos contribuyendo\u201d, se\u00f1al\u00f3.<\/p>\n<p>Por su  parte, la Presidenta del Colegio de Abogados de Yucat\u00e1n, Claudia Ceballos Pantoja detall\u00f3 el dif\u00edcil trabajo que realiz\u00f3 el jurado al elegir a los ganadores e hizo un llamado a seguir en el tema de la investigaci\u00f3n de los derechos humanos.<\/p>\n<p>En representaci\u00f3n del jurado, Carlos Boj\u00f3rquez Urzaiz resalt\u00f3 la participaci\u00f3n de cada uno de los postulantes y destac\u00f3 la tesis presentada para la titulaci\u00f3n de la licenciatura en Odontolog\u00eda, pues demuestra la amplia gama que abarcan los derechos humanos.<\/p>\n<p>\u201cSi cada universitario que participa en este tipo de evento se preocupara por la vulnerabilidad las personas ser\u00edamos una sociedad m\u00e1s arm\u00f3nica y comprometida con el tema de los derechos humanos\u201d, indic\u00f3.<\/p>\n<p>Cort\u00e9s Robles result\u00f3 ganador con la tesis de licenciatura titulada \u201cDe la inconstitucionalidad e inconvencionalidad del art\u00edculo 398 del C\u00f3digo Nacional de Procedimientos Penales\u201d.<\/p>\n<p>Chal\u00e9 Cervantes gan\u00f3 la categor\u00eda de maestr\u00eda con la tesis \u201cPrograma de intervenci\u00f3n para el desarrollo de habilidades sociales en un adolescente en conflicto con la ley\u201d.<\/p>\n<p>El jurado calificador estuvo integrado por Presidenta del Colegio de Abogados de Yucat\u00e1n,  Claudia Ivonne Ceballos Pantoja; el Director del Programa Interdisciplinario de Investigaci\u00f3n e Innovaci\u00f3n Tecnol\u00f3gica de la Milpa Maya y Sistemas Agroecol\u00f3gicos Tradicionales de la Secretar\u00eda de Investigaci\u00f3n, Innovaci\u00f3n y Educaci\u00f3n Superior del Estado, Carlos Eduardo Boj\u00f3rquez Urzaiz y el Catedr\u00e1tico Investigador de la Facultad de Econom\u00eda de la UADY, Jorge Luis Canch\u00e9 Escamilla.<\/p>\n<p>En la ceremonia de premiaci\u00f3n, que se realiz\u00f3 en el Sal\u00f3n de usos m\u00faltiples del Gran Museo del Mundo Maya, se present\u00f3 la conferencia \u201cConstitucionalismo y Democracia en M\u00e9xico\u201d, impartida por la Mtra. Palmira Silva Culebro, de la Comisi\u00f3n Nacional de los Derechos Humanos.<\/p>\n","protected":false},"excerpt":{"rendered":"<p>Juan Pablo Cort\u00e9s Robles de la Escuela de Derecho de la Universidad Marista de M\u00e9rida y Graciela Mayte Chal\u00e9 Cervantes de la Facultad de Psicolog\u00eda de<\/p>\n","protected":false},"author":1018,"featured_media":0,"comment_status":"open","ping_status":"open","sticky":false,"template":"","format":"standard","meta":{"tdm_status":"","tdm_grid_status":"","footnotes":""},"categories":[21],"tags":[],"_links":{"self":[{"href":"https:\/\/dralvarez.com.mx\/larevista\/wp-json\/wp\/v2\/posts\/59794"}],"collection":[{"href":"https:\/\/dralvarez.com.mx\/larevista\/wp-json\/wp\/v2\/posts"}],"about":[{"href":"https:\/\/dralvarez.com.mx\/larevista\/wp-json\/wp\/v2\/types\/post"}],"author":[{"embeddable":true,"href":"https:\/\/dralvarez.com.mx\/larevista\/wp-json\/wp\/v2\/users\/1018"}],"replies":[{"embeddable":true,"href":"https:\/\/dralvarez.com.mx\/larevista\/wp-json\/wp\/v2\/comments?post=59794"}],"version-history":[{"count":0,"href":"https:\/\/dralvarez.com.mx\/larevista\/wp-json\/wp\/v2\/posts\/59794\/revisions"}],"wp:attachment":[{"href":"https:\/\/dralvarez.com.mx\/larevista\/wp-json\/wp\/v2\/media?parent=59794"}],"wp:term":[{"taxonomy":"category","embeddable":true,"href":"https:\/\/dralvarez.com.mx\/larevista\/wp-json\/wp\/v2\/categories?post=59794"},{"taxonomy":"post_tag","embeddable":true,"href":"https:\/\/dralvarez.com.mx\/larevista\/wp-json\/wp\/v2\/tags?post=59794"}],"curies":[{"name":"wp","href":"https:\/\/api.w.org\/{rel}","templated":true}]}}