{"id":59793,"date":"2017-11-08T00:00:00","date_gmt":"2017-11-08T06:00:00","guid":{"rendered":"https:\/\/dralvarez.com.mx\/larevista\/blog\/se-estima-que-el-10-de-los-meridanos-han-sido-diagnosticados-con-diabetes-19417"},"modified":"2017-11-08T00:00:00","modified_gmt":"2017-11-08T06:00:00","slug":"se-estima-que-el-10-de-los-meridanos-han-sido-diagnosticados-con-diabetes-19417","status":"publish","type":"post","link":"https:\/\/dralvarez.com.mx\/larevista\/yucatan\/se-estima-que-el-10-de-los-meridanos-han-sido-diagnosticados-con-diabetes-19417","title":{"rendered":"Se estima que el 10% de los meridanos han sido diagnosticados con diabetes"},"content":{"rendered":"<p>&#8220;En M\u00e9rida hay una cifra estimada de 10% de personas diagnosticadas con diabetes, pero la OCDE inform\u00f3 hace unos d\u00edas que la cifra nacional es de aproximadamente 14%, adem\u00e1s se estima que por cada persona que tiene diabetes diagnosticada hay otra persona que tambi\u00e9n la tiene, pero no lo sabe, si eso fuera as\u00ed, estar\u00edamos hablando que probablemente un 30% de la gente tendr\u00eda esta enfermedad&#8221;, declar\u00f3 la jefa del departamento de Nutrici\u00f3n del DIF Municipal de M\u00e9rida, Ileana Fajardo Niquete.<\/p>\n<p>&#8220;La diabetes puede llegar a ser incapacitante, es la mayor causa de ceguera y amputaciones en el pa\u00eds y est\u00e1 causando casi 95 mil muertes al a\u00f1o, aun as\u00ed, todav\u00eda tenemos mucha gente que no le da seriedad ni la importancia que deber\u00eda a este tema&#8221;, dijo.<\/p>\n<p>Fajardo Niquete agreg\u00f3 que el equipo de nutri\u00f3logos del Centro Municipal de Atenci\u00f3n Nutricional y Diabetes (CEMADUD), ha identificado entre sus pacientes que, las causas m\u00e1s frecuentes por la que los meridanos adquieren diabetes est\u00e1n relacionados con el sedentarismo, la obesidad, mala alimentaci\u00f3n y en los casos de personas con antecedentes familiares de diabetes, falta de inter\u00e9s para aplicar medidas que prevengan esta enfermedad.<\/p>\n<p>En el marco del D\u00eda Mundial de la Diabetes (14 de noviembre), el DIF M\u00e9rida, a trav\u00e9s del CEMANUD, realizar\u00e1 en el transcurso del presente mes 30 eventos y actividades para concientizar e informar sobre las afectaciones f\u00edsicas y econ\u00f3micas que causa este problema de salud p\u00fablica.<\/p>\n<p>Entre las actividades principales que se estar\u00e1n realizando est\u00e1 la &#8220;Rodada con causa y Encendido de azul del Monumento a la Patria&#8221; (8 de noviembre); la pl\u00e1tica &#8220;Importancia de los esquemas de insulina en el tratamiento nutricional del paciente con diabetes&#8221; (23 y 24 de noviembre); una activaci\u00f3n f\u00edsica entre mam\u00e1s e hijos (14 de noviembre); y otras actividades gratuitas que pueden consultarse en <a target=\"_blank\" rel=\"nofollow noopener\" href=\"http:\/\/www.merida.gob.mx\/dif\">www.merida.gob.mx\/dif<\/a> .<\/p>\n<p>Fajardo Niquete explic\u00f3 que, a diferencia de a\u00f1os anteriores, en \u00e9ste aumentaron las actividades dirigidas a profesionistas y estudiantes de \u00e1reas de la salud, con el objetivo de contribuir a la preparaci\u00f3n de estas personas que pudieran en alg\u00fan momento atender a personas con diabetes.<\/p>\n<p>&#8220;Es importante que sepan identificar los s\u00edntomas y diagnosticar a tiempo a sus pacientes, no puede ser que por ejemplo, a un nutri\u00f3logo le llegue una persona que quiere un plan de alimentaci\u00f3n para bajar de peso y no haya un chequeo de diabetes antes que nada, entonces los estudiantes de nutrici\u00f3n, de todas las \u00e1reas de la salud tienen que preparase para identificar estos casos, para armar planes de alimentaci\u00f3n que se combinan a veces con medicamentos, insulina y cambios de conducta&#8221;, explic\u00f3.<\/p>\n<p>Por \u00faltimo, Fajardo Niquete reiter\u00f3 sobre la importancia de que los ciudadanos se informen sobre el tema y acudan a las instituciones adecuadas. &#8220;Es alarmante que con el alza de las cifras de diabetes tambi\u00e9n ha aumentado el n\u00famero de gente que enga\u00f1a a los pacientes sobre el control de su enfermedad, lo m\u00e1s recomendable es que se acerquen a un profesional de la salud y si lo que le preocupa al ciudadano es el costo del servicio, puede acudir a la consulta gratuita en el CEMANUD&#8221;, finaliz\u00f3.<\/p>\n<p><\/p>\n","protected":false},"excerpt":{"rendered":"<p>Aumentan talleres de capacitaci\u00f3n gratuitos para profesionistas y estudiantes de la salud.<\/p>\n","protected":false},"author":1018,"featured_media":0,"comment_status":"open","ping_status":"open","sticky":false,"template":"","format":"standard","meta":{"tdm_status":"","tdm_grid_status":"","footnotes":""},"categories":[21],"tags":[],"_links":{"self":[{"href":"https:\/\/dralvarez.com.mx\/larevista\/wp-json\/wp\/v2\/posts\/59793"}],"collection":[{"href":"https:\/\/dralvarez.com.mx\/larevista\/wp-json\/wp\/v2\/posts"}],"about":[{"href":"https:\/\/dralvarez.com.mx\/larevista\/wp-json\/wp\/v2\/types\/post"}],"author":[{"embeddable":true,"href":"https:\/\/dralvarez.com.mx\/larevista\/wp-json\/wp\/v2\/users\/1018"}],"replies":[{"embeddable":true,"href":"https:\/\/dralvarez.com.mx\/larevista\/wp-json\/wp\/v2\/comments?post=59793"}],"version-history":[{"count":0,"href":"https:\/\/dralvarez.com.mx\/larevista\/wp-json\/wp\/v2\/posts\/59793\/revisions"}],"wp:attachment":[{"href":"https:\/\/dralvarez.com.mx\/larevista\/wp-json\/wp\/v2\/media?parent=59793"}],"wp:term":[{"taxonomy":"category","embeddable":true,"href":"https:\/\/dralvarez.com.mx\/larevista\/wp-json\/wp\/v2\/categories?post=59793"},{"taxonomy":"post_tag","embeddable":true,"href":"https:\/\/dralvarez.com.mx\/larevista\/wp-json\/wp\/v2\/tags?post=59793"}],"curies":[{"name":"wp","href":"https:\/\/api.w.org\/{rel}","templated":true}]}}