{"id":59787,"date":"2017-11-07T00:00:00","date_gmt":"2017-11-07T06:00:00","guid":{"rendered":"https:\/\/dralvarez.com.mx\/larevista\/blog\/christelle-castanon-de-moreno-asiste-al-segundo-informe-de-actividades-de-la-presidenta-del-dif-hopelchen-19411"},"modified":"2017-11-07T00:00:00","modified_gmt":"2017-11-07T06:00:00","slug":"christelle-castanon-de-moreno-asiste-al-segundo-informe-de-actividades-de-la-presidenta-del-dif-hopelchen-19411","status":"publish","type":"post","link":"https:\/\/dralvarez.com.mx\/larevista\/compeche\/christelle-castanon-de-moreno-asiste-al-segundo-informe-de-actividades-de-la-presidenta-del-dif-hopelchen-19411","title":{"rendered":"Christelle Casta\u00f1\u00f3n de Moreno asiste al segundo informe de actividades de la presidenta del DIF Hopelch\u00e9n"},"content":{"rendered":"<p>La Presidenta del Patronato del DIF Estatal, Christelle Casta\u00f1\u00f3n de Moreno, asisti\u00f3 al segundo informe de actividades de la Presidenta del Patronato del Sistema DIF Hopelch\u00e9n, Glendi Nayeli Espa\u00f1a de Espa\u00f1a, en donde subray\u00f3 que \u201ces una ocasi\u00f3n para mostrar y compartir los esfuerzos que se han impulsado en beneficio de las familias y de quienes m\u00e1s lo necesitan\u201d y refrend\u00f3 el compromiso del DIF Estatal para cambiar vidas.<\/p>\n<p>Felicit\u00f3 con cari\u00f1o a la Presidenta del Patronato por dar continuidad de los programas sociales que se ejecutan como parte de su gesti\u00f3n social, durante la lectura del informe donde asisti\u00f3 la Directora General del DIF, Silvia Elena Parrao Arceo, en representaci\u00f3n del Gobernador Alejandro Moreno C\u00e1rdenas; la titular del Grupo de Participaci\u00f3n Ciudadana (GPC) de la Secretar\u00eda General de Gobierno (SEGOB), Victoria Damas de Aysa, as\u00ed como las Presidentas de los Sistemas DIF Municipales y autoridades locales.<\/p>\n<p>Casta\u00f1\u00f3n de Moreno, en su intervenci\u00f3n, destac\u00f3 el liderazgo, entusiasmo y dedicaci\u00f3n de Espa\u00f1a de Espa\u00f1a, sumado al gran apoyo de su equipo de colaboradores, que ha permitido cristalizar logros sociales muy valiosos que contribuyen a imprimirle mayor dinamismo a esta gran instituci\u00f3n asistencial.<\/p>\n<p>Resalt\u00f3 el invaluable apoyo del Presidente de la Rep\u00fablica, Enrique Pe\u00f1a Nieto, de su esposa Ang\u00e9lica Rivera de Pe\u00f1a; y de la Directora del DIF Nacional, Laura Barrera Fortoul, pues con su respaldo se continuar\u00e1n efectuando en Hopelch\u00e9n m\u00e1s acciones de beneficio social, principalmente de quienes m\u00e1s lo necesitan.<\/p>\n<p>Asimismo, agradeci\u00f3 el apoyo invaluable del alcalde Jos\u00e9 Ignacio Espa\u00f1a Novelo, quien en todo momento ha mostrado su disposici\u00f3n de fortalecer los programas asistenciales; \u201cesfuerzo que es respaldado por mi esposo, el Gobernador del Estado, Alejandro Moreno C\u00e1rdenas, que realiza gestiones positivas a favor de las familias cheneras para avanzar en materia de salud, alimentaci\u00f3n, protecci\u00f3n jur\u00eddica y la inclusi\u00f3n social, no como aspiraciones, sino como derechos cumplidos\u201d, sostuvo.<\/p>\n<p>Antes de despedirse, exhort\u00f3 a la ciudadan\u00eda que no deje de acercarse al DIF Estatal y Municipal, \u201cporque no est\u00e1n solos, los casos siempre tienen un principio y un fin, prueba de ello son los testimonios que nos llenan el coraz\u00f3n de vida\u201d, finaliz\u00f3.<\/p>\n<p>Por su parte, Glendi Nayeli Espa\u00f1a de Espa\u00f1a refrend\u00f3 su entusiasmo por seguir trabajando en la noble labor que encabeza con el objetivo de fomentar los valores familiares, donde los cheneros alcancen sus sue\u00f1os; asimismo, agradeci\u00f3 el apoyo de la Presidenta del Patronato del DIF Estatal, respaldo con el que seguir\u00e1 trabajando por y para la familia.<\/p>\n<p>\u201cCon su apoyo podemos trabajar a  favor del desarrollo social de los ni\u00f1os, adultos mayores y personas con discapacidad, as\u00ed como toda persona vulnerable\u201d, indic\u00f3.<\/p>\n","protected":false},"excerpt":{"rendered":"<p>La Presidenta del Patronato del DIF Estatal, Christelle Casta\u00f1\u00f3n de Moreno, asisti\u00f3 al segundo informe de actividades de la Presidenta del Patronato d<\/p>\n","protected":false},"author":1018,"featured_media":0,"comment_status":"open","ping_status":"open","sticky":false,"template":"","format":"standard","meta":{"tdm_status":"","tdm_grid_status":"","footnotes":""},"categories":[27],"tags":[],"_links":{"self":[{"href":"https:\/\/dralvarez.com.mx\/larevista\/wp-json\/wp\/v2\/posts\/59787"}],"collection":[{"href":"https:\/\/dralvarez.com.mx\/larevista\/wp-json\/wp\/v2\/posts"}],"about":[{"href":"https:\/\/dralvarez.com.mx\/larevista\/wp-json\/wp\/v2\/types\/post"}],"author":[{"embeddable":true,"href":"https:\/\/dralvarez.com.mx\/larevista\/wp-json\/wp\/v2\/users\/1018"}],"replies":[{"embeddable":true,"href":"https:\/\/dralvarez.com.mx\/larevista\/wp-json\/wp\/v2\/comments?post=59787"}],"version-history":[{"count":0,"href":"https:\/\/dralvarez.com.mx\/larevista\/wp-json\/wp\/v2\/posts\/59787\/revisions"}],"wp:attachment":[{"href":"https:\/\/dralvarez.com.mx\/larevista\/wp-json\/wp\/v2\/media?parent=59787"}],"wp:term":[{"taxonomy":"category","embeddable":true,"href":"https:\/\/dralvarez.com.mx\/larevista\/wp-json\/wp\/v2\/categories?post=59787"},{"taxonomy":"post_tag","embeddable":true,"href":"https:\/\/dralvarez.com.mx\/larevista\/wp-json\/wp\/v2\/tags?post=59787"}],"curies":[{"name":"wp","href":"https:\/\/api.w.org\/{rel}","templated":true}]}}