{"id":59786,"date":"2017-11-07T00:00:00","date_gmt":"2017-11-07T06:00:00","guid":{"rendered":"https:\/\/dralvarez.com.mx\/larevista\/blog\/catolicos-declaran-2018-ano-de-la-juventud-19410"},"modified":"2017-11-07T00:00:00","modified_gmt":"2017-11-07T06:00:00","slug":"catolicos-declaran-2018-ano-de-la-juventud-19410","status":"publish","type":"post","link":"https:\/\/dralvarez.com.mx\/larevista\/yucatan\/catolicos-declaran-2018-ano-de-la-juventud-19410","title":{"rendered":"Cat\u00f3licos declaran 2018 a\u00f1o de la juventud"},"content":{"rendered":"<\/p>\n<p>El a\u00f1o 2018 ha sido declarado por el Vaticano como el a\u00f1o conciliar por la Juventud, y el Papa Francisco ha convocado a todos los obispos del mundo a Roma para estudiar y plantear nuevas v\u00edas y comunicaci\u00f3n de la iglesia con la juventud.<u><\/u><u><\/u><\/p>\n<p>El Arzobispo de Yucat\u00e1n, Gustavo Rodr\u00edguez Vega destac\u00f3 que es una exigencia desde el Vaticano mantener una nueva vinculaci\u00f3n de la iglesia cat\u00f3lica con los j\u00f3venes, por ello, desde la Pastoral de la Juventud se han realizado reuniones y foros con j\u00f3venes para conocer sus puntos de vista sobre su iglesia.<u><\/u><u><\/u><\/p>\n<p>Dijo el arzobispo de Yucat\u00e1n que es preciso que la juventud se exprese y diga c\u00f3mo quiere que la iglesia se construya, ya que los j\u00f3venes son la esperanza de la sociedad y es v\u00e1lido decir que la iglesia tiene que escuchar y tomar medidas para retomar el camino cercano a la juventud.<\/p>\n<\/p>\n<p>Rodr\u00edguez  Vega expuso que 2018 marcar\u00e1 un nuevo camino ordenado por el Papa Francisco para acercarse a las necesidades y demandas de los j\u00f3venes y con ello, trabajar para mantenerse en comunicaci\u00f3n y de acuerdo al pensamiento del joven del nuevo siglo, puntualiz\u00f3.<\/p>\n<p>Cuestionado sobre el momento de la juventud en M\u00e9xico, Rodr\u00edguez Vega expres\u00f3 que est\u00e1 activa y es altamente representativa.<u><\/u><u><\/u><\/p>\n<p>\u201cLo vimos en los pasados acontecimientos de los sismos en la capital, fueron los j\u00f3venes los que salieron a las calles, quienes expusieron incluso sus vidas para ayudar a otras personas, quienes movieron los escombros\u201d, agreg\u00f3.<u><\/u><u><\/u><\/p>\n<p>El l\u00edder religioso indic\u00f3 que la juventud de este pa\u00eds est\u00e1 anhelando cambios y propone nuevas condiciones y la iglesia cat\u00f3lica debe estar cerca de ellos y caminar con ellos.<\/p><\/p>\n","protected":false},"excerpt":{"rendered":"<p>El Papa Francisco ha convocado a todos los obispos del mundo a Roma para estudiar y plantear nuevas v\u00edas y comunicaci\u00f3n de la iglesia con la juventud.<\/p>\n","protected":false},"author":1018,"featured_media":0,"comment_status":"open","ping_status":"open","sticky":false,"template":"","format":"standard","meta":{"tdm_status":"","tdm_grid_status":"","footnotes":""},"categories":[21],"tags":[],"_links":{"self":[{"href":"https:\/\/dralvarez.com.mx\/larevista\/wp-json\/wp\/v2\/posts\/59786"}],"collection":[{"href":"https:\/\/dralvarez.com.mx\/larevista\/wp-json\/wp\/v2\/posts"}],"about":[{"href":"https:\/\/dralvarez.com.mx\/larevista\/wp-json\/wp\/v2\/types\/post"}],"author":[{"embeddable":true,"href":"https:\/\/dralvarez.com.mx\/larevista\/wp-json\/wp\/v2\/users\/1018"}],"replies":[{"embeddable":true,"href":"https:\/\/dralvarez.com.mx\/larevista\/wp-json\/wp\/v2\/comments?post=59786"}],"version-history":[{"count":0,"href":"https:\/\/dralvarez.com.mx\/larevista\/wp-json\/wp\/v2\/posts\/59786\/revisions"}],"wp:attachment":[{"href":"https:\/\/dralvarez.com.mx\/larevista\/wp-json\/wp\/v2\/media?parent=59786"}],"wp:term":[{"taxonomy":"category","embeddable":true,"href":"https:\/\/dralvarez.com.mx\/larevista\/wp-json\/wp\/v2\/categories?post=59786"},{"taxonomy":"post_tag","embeddable":true,"href":"https:\/\/dralvarez.com.mx\/larevista\/wp-json\/wp\/v2\/tags?post=59786"}],"curies":[{"name":"wp","href":"https:\/\/api.w.org\/{rel}","templated":true}]}}