{"id":59784,"date":"2017-11-07T00:00:00","date_gmt":"2017-11-07T06:00:00","guid":{"rendered":"https:\/\/dralvarez.com.mx\/larevista\/blog\/el-isstey-se-suma-al-sistema-de-empacado-voluntario-de-mercancias-del-inapam-19408"},"modified":"2017-11-07T00:00:00","modified_gmt":"2017-11-07T06:00:00","slug":"el-isstey-se-suma-al-sistema-de-empacado-voluntario-de-mercancias-del-inapam-19408","status":"publish","type":"post","link":"https:\/\/dralvarez.com.mx\/larevista\/yucatan\/el-isstey-se-suma-al-sistema-de-empacado-voluntario-de-mercancias-del-inapam-19408","title":{"rendered":"El Isstey se suma al Sistema de Empacado Voluntario de Mercanc\u00edas del Inapam"},"content":{"rendered":"<p>M\u00e9rida, Yucat\u00e1n, 7 de noviembre de 2017.- Mediante un convenio de colaboraci\u00f3n, el Instituto de Seguridad Social de los Trabajadores del Estado de Yucat\u00e1n (Isstey) abri\u00f3 en esta fecha las puertas de sus dos centros comerciales para sumarse al Sistema de Empacado Voluntario de Mercanc\u00edas del Instituto Nacional de Personas Adultas Mayores (Inapam).<\/p>\n<p>De esta manera, la dependencia refrenda su compromiso de promover la inclusi\u00f3n social de este sector de la poblaci\u00f3n, afirm\u00f3 la directora General del Isstey, Gabriela C\u00e1ceres Vergara, al firmar el documento con la delegada del Inapam, Minelia Canto Lara.<\/p>\n<p>Mediante este acuerdo, quienes est\u00e9n afiliados al Inapam podr\u00e1n participar en el servicio de empacado de las mercanc\u00edas de los derechohabientes en las tiendas de las calles 60 y 67. Los voluntarios no perciben un sueldo, \u00fanicamente propinas.<\/p>\n<p>C\u00e1ceres Vergara reiter\u00f3 que es compromiso del Gobernador Rolando Zapata Bello y parte de la pol\u00edtica p\u00fablica atender a los empleados ya retirados a trav\u00e9s del Centro para Jubilados y Pensionados, donde se imparten casi 40 talleres para la promoci\u00f3n de la salud y de aprendizaje, as\u00ed como para la ocupaci\u00f3n del tiempo libre y culturales.<\/p>\n<p>Finalmente, dijo que con este convenio se reconoce la experiencia de las personas adultas mayores, pero que adem\u00e1s es muy importante porque as\u00ed se sienten \u00fatiles y productivas para la sociedad y sus familias.<\/p>\n","protected":false},"excerpt":{"rendered":"<p>Personas adultas mayores participar\u00e1n de manera voluntaria en las dos tiendas.<\/p>\n","protected":false},"author":1018,"featured_media":0,"comment_status":"open","ping_status":"open","sticky":false,"template":"","format":"standard","meta":{"tdm_status":"","tdm_grid_status":"","footnotes":""},"categories":[21],"tags":[],"_links":{"self":[{"href":"https:\/\/dralvarez.com.mx\/larevista\/wp-json\/wp\/v2\/posts\/59784"}],"collection":[{"href":"https:\/\/dralvarez.com.mx\/larevista\/wp-json\/wp\/v2\/posts"}],"about":[{"href":"https:\/\/dralvarez.com.mx\/larevista\/wp-json\/wp\/v2\/types\/post"}],"author":[{"embeddable":true,"href":"https:\/\/dralvarez.com.mx\/larevista\/wp-json\/wp\/v2\/users\/1018"}],"replies":[{"embeddable":true,"href":"https:\/\/dralvarez.com.mx\/larevista\/wp-json\/wp\/v2\/comments?post=59784"}],"version-history":[{"count":0,"href":"https:\/\/dralvarez.com.mx\/larevista\/wp-json\/wp\/v2\/posts\/59784\/revisions"}],"wp:attachment":[{"href":"https:\/\/dralvarez.com.mx\/larevista\/wp-json\/wp\/v2\/media?parent=59784"}],"wp:term":[{"taxonomy":"category","embeddable":true,"href":"https:\/\/dralvarez.com.mx\/larevista\/wp-json\/wp\/v2\/categories?post=59784"},{"taxonomy":"post_tag","embeddable":true,"href":"https:\/\/dralvarez.com.mx\/larevista\/wp-json\/wp\/v2\/tags?post=59784"}],"curies":[{"name":"wp","href":"https:\/\/api.w.org\/{rel}","templated":true}]}}