{"id":59775,"date":"2017-11-07T00:00:00","date_gmt":"2017-11-07T06:00:00","guid":{"rendered":"https:\/\/dralvarez.com.mx\/larevista\/blog\/osorio-chong-ratifica-respaldo-del-gobierno-federal-al-crecimiento-de-campeche-19399"},"modified":"2017-11-07T00:00:00","modified_gmt":"2017-11-07T06:00:00","slug":"osorio-chong-ratifica-respaldo-del-gobierno-federal-al-crecimiento-de-campeche-19399","status":"publish","type":"post","link":"https:\/\/dralvarez.com.mx\/larevista\/compeche\/osorio-chong-ratifica-respaldo-del-gobierno-federal-al-crecimiento-de-campeche-19399","title":{"rendered":"Osorio Chong ratifica respaldo del gobierno federal al crecimiento de Campeche"},"content":{"rendered":"<p>CIUDAD DE M\u00c9XICO.- El gobernador Alejandro Moreno C\u00e1rdenas se reuni\u00f3 con el secretario de Gobernaci\u00f3n, Miguel \u00c1ngel Osorio Chong, quien ratific\u00f3 el respaldo del Gobierno de la Rep\u00fablica para que Campeche avance en su crecimiento econ\u00f3mico, genere mayor bienestar social y se consolide como el estado m\u00e1s seguro del pa\u00eds.<\/p>\n<p>El responsable de la pol\u00edtica interior de la naci\u00f3n, asegur\u00f3 que en los pr\u00f3ximos meses se habr\u00e1n de fortalecer los programas de desarrollo productivo, combate a la pobreza, equipamiento policial y de infraestructura, entre otros.<\/p>\n<p>Sostuvo que el Gobierno de la Rep\u00fablica tiene el compromiso de seguir apoyando a Campeche para que la riqueza natural, tur\u00edstica y energ\u00e9tica, y el clima de paz y tranquilidad que posee, se conviertan en ejes principales del desarrollo.<\/p>\n<p>El mandatario campechano, quien se reuni\u00f3 con Osorio Chong para reforzar las gestiones de mayores recursos para que 2018 sea un a\u00f1o determinante en la transformaci\u00f3n y modernizaci\u00f3n del estado, signific\u00f3 el respaldo que el gobierno del presidente Enrique Pe\u00f1a Nieto ha brindado en materia de bienestar social, desarrollo productivo y reactivaci\u00f3n econ\u00f3mica. <\/p>\n<p>Osorio Chong y Moreno C\u00e1rdenas, reunidos en oficinas centrales de la Secretar\u00eda de Gobernaci\u00f3n, tambi\u00e9n hicieron un balance del apoyo otorgado en los dos primeros a\u00f1os de la gesti\u00f3n estatal, que en t\u00e9rminos presupuestales representa el doble de lo que destinaron las dos administraciones federales anteriores.<\/p>\n<p>Asimismo, dieron seguimiento a los resultados que se han alcanzado en diversos rubros como el de seguridad, donde el estado sobresale como el m\u00e1s seguro del pa\u00eds, al registrar el menor \u00edndice delictivo.<\/p>\n","protected":false},"excerpt":{"rendered":"<p>\u2022\tGobernador AMC se re\u00fane con Secretario de Gobernaci\u00f3n.<\/p>\n","protected":false},"author":1018,"featured_media":0,"comment_status":"open","ping_status":"open","sticky":false,"template":"","format":"standard","meta":{"tdm_status":"","tdm_grid_status":"","footnotes":""},"categories":[27],"tags":[],"_links":{"self":[{"href":"https:\/\/dralvarez.com.mx\/larevista\/wp-json\/wp\/v2\/posts\/59775"}],"collection":[{"href":"https:\/\/dralvarez.com.mx\/larevista\/wp-json\/wp\/v2\/posts"}],"about":[{"href":"https:\/\/dralvarez.com.mx\/larevista\/wp-json\/wp\/v2\/types\/post"}],"author":[{"embeddable":true,"href":"https:\/\/dralvarez.com.mx\/larevista\/wp-json\/wp\/v2\/users\/1018"}],"replies":[{"embeddable":true,"href":"https:\/\/dralvarez.com.mx\/larevista\/wp-json\/wp\/v2\/comments?post=59775"}],"version-history":[{"count":0,"href":"https:\/\/dralvarez.com.mx\/larevista\/wp-json\/wp\/v2\/posts\/59775\/revisions"}],"wp:attachment":[{"href":"https:\/\/dralvarez.com.mx\/larevista\/wp-json\/wp\/v2\/media?parent=59775"}],"wp:term":[{"taxonomy":"category","embeddable":true,"href":"https:\/\/dralvarez.com.mx\/larevista\/wp-json\/wp\/v2\/categories?post=59775"},{"taxonomy":"post_tag","embeddable":true,"href":"https:\/\/dralvarez.com.mx\/larevista\/wp-json\/wp\/v2\/tags?post=59775"}],"curies":[{"name":"wp","href":"https:\/\/api.w.org\/{rel}","templated":true}]}}