{"id":59771,"date":"2017-11-07T00:00:00","date_gmt":"2017-11-07T06:00:00","guid":{"rendered":"https:\/\/dralvarez.com.mx\/larevista\/blog\/alumnos-de-la-universidad-vizcaya-de-las-americas-se-suman-a-escudo-yucatan-19395"},"modified":"2017-11-07T00:00:00","modified_gmt":"2017-11-07T06:00:00","slug":"alumnos-de-la-universidad-vizcaya-de-las-americas-se-suman-a-escudo-yucatan-19395","status":"publish","type":"post","link":"https:\/\/dralvarez.com.mx\/larevista\/yucatan\/alumnos-de-la-universidad-vizcaya-de-las-americas-se-suman-a-escudo-yucatan-19395","title":{"rendered":"Alumnos de la Universidad Vizcaya de las Am\u00e9ricas se suman a Escudo Yucat\u00e1n"},"content":{"rendered":"<\/p>\n<p>M\u00e9rida, Yucat\u00e1n, 7 de noviembre de 2017.- Al reunirse con estudiantes de la Universidad Vizcaya de las Am\u00e9ricas, campus M\u00e9rida, el titular de la Secretar\u00eda General de Gobierno (SGG), Roberto Rodr\u00edguez Asaf, los convoc\u00f3 a participar activamente, desde sus centros educativos, en la preservaci\u00f3n de la paz social y el fortalecimiento de las instituciones de seguridad y justicia del estado.<\/p>\n<p>Acompa\u00f1ado del subsecretario de Desarrollo Social y Asuntos Religiosos, Carlos Carrillo Paredes, el funcionario invit\u00f3 a los alumnos a integrarse al programa Escudo Universitario, a trav\u00e9s del cual contribuir\u00e1n a atender, de manera espec\u00edfica, factores de riesgo entre sus compa\u00f1eros como drogadicci\u00f3n, alcoholismo, vandalismo o cualquier situaci\u00f3n que los aleje de una vida digna.<\/p>\n<p>\u201cEs mucho m\u00e1s f\u00e1cil que ustedes, entre amigos, se ayuden y apoyen; los que sepan de alguien con un problema de este tipo, y aunque \u00e9l no quiera salir en ese momento, oc\u00fapense de ayudarlo, porque lo importantes es que se mantengan lo m\u00e1s sanos posible de adicciones y mentalidad\u201d, subray\u00f3 ante el director de dicha casa de estudios, Jos\u00e9 de Jes\u00fas Palafox Quintero.<\/p>\n<p>Durante el ejercicio, en el que estuvieron presentes alumnos de las licenciaturas de Criminolog\u00eda, Derecho, Psicolog\u00eda y Arquitectura, Rodr\u00edguez Asaf resalt\u00f3 que mediante este esquema, que forma parte del programa Escudo Yucat\u00e1n, se busca que la juventud que egrese del nivel superior se interese en pertenecer a las corporaciones encargadas de la seguridad y procuraci\u00f3n de justicia en la entidad.<\/p>\n<p>En ese sentido, record\u00f3 que este a\u00f1o se tom\u00f3 la decisi\u00f3n de aumentar el sueldo a los agentes de la Polic\u00eda estatal, as\u00ed como mantenerlos en constante capacitaci\u00f3n y dotarlos de equipo de alta tecnolog\u00eda para que puedan realizar mejor su funci\u00f3n de velar por la paz de la poblaci\u00f3n.<\/p>\n<p>En ese marco, el encargado de la pol\u00edtica interna del Gobierno resalt\u00f3 la importancia de los Comit\u00e9s de Polic\u00eda Vecinal (CPV) que refuerzan el trabajo de los cuerpos policiacos del estado, ya que ayudan a mantener seguras a sus comunidades.<\/p>\n<p>De la misma manera, Rodr\u00edguez Asaf reconoci\u00f3 la participaci\u00f3n de quienes llegan a vivir a Yucat\u00e1n en la labor de cuidar y mantener la tranquilidad.<\/p><\/p>\n","protected":false},"excerpt":{"rendered":"<p>J\u00f3venes se comprometen con la preservaci\u00f3n de la paz social.<\/p>\n","protected":false},"author":1018,"featured_media":0,"comment_status":"open","ping_status":"open","sticky":false,"template":"","format":"standard","meta":{"tdm_status":"","tdm_grid_status":"","footnotes":""},"categories":[21],"tags":[],"_links":{"self":[{"href":"https:\/\/dralvarez.com.mx\/larevista\/wp-json\/wp\/v2\/posts\/59771"}],"collection":[{"href":"https:\/\/dralvarez.com.mx\/larevista\/wp-json\/wp\/v2\/posts"}],"about":[{"href":"https:\/\/dralvarez.com.mx\/larevista\/wp-json\/wp\/v2\/types\/post"}],"author":[{"embeddable":true,"href":"https:\/\/dralvarez.com.mx\/larevista\/wp-json\/wp\/v2\/users\/1018"}],"replies":[{"embeddable":true,"href":"https:\/\/dralvarez.com.mx\/larevista\/wp-json\/wp\/v2\/comments?post=59771"}],"version-history":[{"count":0,"href":"https:\/\/dralvarez.com.mx\/larevista\/wp-json\/wp\/v2\/posts\/59771\/revisions"}],"wp:attachment":[{"href":"https:\/\/dralvarez.com.mx\/larevista\/wp-json\/wp\/v2\/media?parent=59771"}],"wp:term":[{"taxonomy":"category","embeddable":true,"href":"https:\/\/dralvarez.com.mx\/larevista\/wp-json\/wp\/v2\/categories?post=59771"},{"taxonomy":"post_tag","embeddable":true,"href":"https:\/\/dralvarez.com.mx\/larevista\/wp-json\/wp\/v2\/tags?post=59771"}],"curies":[{"name":"wp","href":"https:\/\/api.w.org\/{rel}","templated":true}]}}