{"id":59763,"date":"2017-11-07T00:00:00","date_gmt":"2017-11-07T06:00:00","guid":{"rendered":"https:\/\/dralvarez.com.mx\/larevista\/blog\/dif-estatal-imparte-platicas-en-cam-2-y-en-cdcs-19385"},"modified":"2017-11-07T00:00:00","modified_gmt":"2017-11-07T06:00:00","slug":"dif-estatal-imparte-platicas-en-cam-2-y-en-cdcs-19385","status":"publish","type":"post","link":"https:\/\/dralvarez.com.mx\/larevista\/compeche\/dif-estatal-imparte-platicas-en-cam-2-y-en-cdcs-19385","title":{"rendered":"DIF Estatal imparte pl\u00e1ticas en CAM 2 y en CDC\u2019s"},"content":{"rendered":"<p>El Sistema Estatal para el Desarrollo Integral de la Familia (DIF), que preside Christelle Casta\u00f1\u00f3n de Moreno, a trav\u00e9s del Centro de Atenci\u00f3n Psicosocial a Ni\u00f1as, Ni\u00f1os y Adolescentes (CAPANNA), imparti\u00f3 una pl\u00e1tica sobre los Derechos de los Ni\u00f1os a padres de familia y alumnos del Centro de Atenci\u00f3n M\u00faltiple (CAM) 2 \u201cPedro Berruecos Tellez\u201d, as\u00ed como de los Centros de Desarrollo Comunitarios (CDC).<\/p>\n<p>La pl\u00e1tica, impartida por personal de la Coordinaci\u00f3n de Promoci\u00f3n y Difusi\u00f3n de los Derechos de las Ni\u00f1as, Ni\u00f1os y Adolescentes, fue basada en las normas que se\u00f1ala la Convenci\u00f3n sobre los Derechos del Ni\u00f1o, los Derechos de Ni\u00f1as, Ni\u00f1os y Adolescentes y la Ley General de los Derechos de Ni\u00f1as, Ni\u00f1os y Adolescentes; tratando temas como \u201cAntecedentes sobre la Convenci\u00f3n\u201d, \u201cDerechos y responsabilidades\u201d, \u201cCorresponsabilidades\u201d, y din\u00e1micas para desarrollar confianza entre los participantes y el facilitador.<\/p>\n<p><\/p>\n","protected":false},"excerpt":{"rendered":"<p>DIF Estatal imparte pl\u00e1ticas en CAM 2 y en CDC\u2019s.<\/p>\n","protected":false},"author":1018,"featured_media":0,"comment_status":"open","ping_status":"open","sticky":false,"template":"","format":"standard","meta":{"tdm_status":"","tdm_grid_status":"","footnotes":""},"categories":[27],"tags":[],"_links":{"self":[{"href":"https:\/\/dralvarez.com.mx\/larevista\/wp-json\/wp\/v2\/posts\/59763"}],"collection":[{"href":"https:\/\/dralvarez.com.mx\/larevista\/wp-json\/wp\/v2\/posts"}],"about":[{"href":"https:\/\/dralvarez.com.mx\/larevista\/wp-json\/wp\/v2\/types\/post"}],"author":[{"embeddable":true,"href":"https:\/\/dralvarez.com.mx\/larevista\/wp-json\/wp\/v2\/users\/1018"}],"replies":[{"embeddable":true,"href":"https:\/\/dralvarez.com.mx\/larevista\/wp-json\/wp\/v2\/comments?post=59763"}],"version-history":[{"count":0,"href":"https:\/\/dralvarez.com.mx\/larevista\/wp-json\/wp\/v2\/posts\/59763\/revisions"}],"wp:attachment":[{"href":"https:\/\/dralvarez.com.mx\/larevista\/wp-json\/wp\/v2\/media?parent=59763"}],"wp:term":[{"taxonomy":"category","embeddable":true,"href":"https:\/\/dralvarez.com.mx\/larevista\/wp-json\/wp\/v2\/categories?post=59763"},{"taxonomy":"post_tag","embeddable":true,"href":"https:\/\/dralvarez.com.mx\/larevista\/wp-json\/wp\/v2\/tags?post=59763"}],"curies":[{"name":"wp","href":"https:\/\/api.w.org\/{rel}","templated":true}]}}