{"id":59760,"date":"2017-11-07T00:00:00","date_gmt":"2017-11-07T06:00:00","guid":{"rendered":"https:\/\/dralvarez.com.mx\/larevista\/blog\/maria-jose-sandoval-murgas-y-carlos-omar-williams-leon-reyes-del-carnaval-de-personas-con-discapacidad-2018-19382"},"modified":"2017-11-07T00:00:00","modified_gmt":"2017-11-07T06:00:00","slug":"maria-jose-sandoval-murgas-y-carlos-omar-williams-leon-reyes-del-carnaval-de-personas-con-discapacidad-2018-19382","status":"publish","type":"post","link":"https:\/\/dralvarez.com.mx\/larevista\/compeche\/maria-jose-sandoval-murgas-y-carlos-omar-williams-leon-reyes-del-carnaval-de-personas-con-discapacidad-2018-19382","title":{"rendered":"Mar\u00eda Jos\u00e9 Sandoval Murgas y Carlos Omar Williams Le\u00f3n, Reyes del Carnaval de Personas con Discapacidad 2018"},"content":{"rendered":"<p>Los j\u00f3venes Mar\u00eda Jos\u00e9 Sandoval Murgas \u201cMar\u00eda Jos\u00e9 I\u201d y Carlos Omar Williams Le\u00f3n \u201cCarlos I\u201d fueron presentados como los Reyes del Carnaval de Personas con Discapacidad 2018, y recibieron las felicitaciones de la Presidenta del Patronato del DIF Estatal, Christelle Casta\u00f1\u00f3n de Moreno, quien se pronunci\u00f3 nuevamente a favor de la inclusi\u00f3n de las personas con discapacidad en todos los \u00e1mbitos de la sociedad.<\/p>\n<p>Teniendo como escenario el Baluarte de San Carlos, Casta\u00f1\u00f3n de Moreno dijo que el tema de la comparsa 2018 ser\u00e1 \u201cM\u00e9xico M\u00e1gico\u201d y contar\u00e1 con la participaci\u00f3n de ni\u00f1as, ni\u00f1os y adolescentes con y sin discapacidad; \u201cCampeche tiene el carnaval m\u00e1s antiguo, pero con la particularidad de incluir un espacio para las personas con discapacidad, donde veremos como siempre el talento y entrega de los reyes\u201d, subray\u00f3.<\/p>\n<p>Asimismo, invit\u00f3 a la poblaci\u00f3n en general a participar en el carnaval inclusivo y en la tercera Jornada Estatal de Discapacidad, a realizarse del 2 al 10 de diciembre, donde habr\u00e1 actividades acad\u00e9micas, deportivas y culturales; al mismo tiempo que se difundir\u00e1n los programas y servicios que ofrecen las instituciones p\u00fablicas y privadas para contribuir al desarrollo e inclusi\u00f3n de las personas con discapacidad y sus familias en la vida social y productiva en igualdad de condiciones.<\/p>\n<p>La pr\u00f3xima reina, Mar\u00eda Jos\u00e9 Sandoval Murgas, tiene 22 a\u00f1os de edad y asiste al Centro de Atenci\u00f3n M\u00faltiple (CAM) 3; sus padres son Candelaria Leticia Murgas S\u00e1nchez y Luis Fernando Sandoval Sarmiento, y es la consentida de su hermano mayor Luis Fernando.<\/p>\n<p>Le gusta mucho el baile, mismo que pr\u00e1ctica desde hace cinco a\u00f1os, precisamente con los ritmos de Belly Dance y Hawaiano; cabe mencionar que el a\u00f1o pasado fue Reina del Carnaval del CAM 3 y ha participado en desfiles de modas, como \u201cFelicidad y Estilo\u201d, que se realiz\u00f3 en el marco de la Jornada Estatal de Discapacidad  2017. <\/p>\n<p>Ella es muy femenina, le gusta tener el cabello largo y suelto, las u\u00f1as muy arregladas, que le tomen fotos y salir en la televisi\u00f3n. Y est\u00e1 a punto de cumplir su m\u00e1s grande sue\u00f1o, que es ser Reina del Carnaval, porque es toda una artista.<\/p>\n<p>Por su parte, Carlos Omar Williams Le\u00f3n tiene 23 a\u00f1os de edad, es estudiante del tercer a\u00f1o de la Licenciatura en Educaci\u00f3n Art\u00edstica en el Instituto Campechano; sus padres son Dilicia Yamile Le\u00f3n Rodr\u00edguez y Francisco Javier Williams.<\/p>\n<p>Le gusta bailar hip-hop y ballet cl\u00e1sico, salir de paseo, ir al cine y pintar; tiene un hermano mayor que es beisbolista del equipo Los Piratas de Campeche y una hermanita de nombre Yamile.<\/p>\n<p>Desde la secundaria ha participado en las comparsas de carnaval, ha formado parte del ballet folcl\u00f3rico de Champot\u00f3n y ha incursionado con dos academias de baile en diferentes eventos culturales, demostrando sus habilidades danc\u00edsticas.<\/p>\n<p>Cabe mencionar, que el carnaval de las personas con discapacidad es un programa de concientizaci\u00f3n y sensibilizaci\u00f3n que se realiza cada a\u00f1o, siendo el Carnaval de Campeche la plataforma m\u00e1s amplia para demostrar ante la poblaci\u00f3n dentro y fuera del Estado, los avances en materia de inclusi\u00f3n de las personas con discapacidad a la sociedad.<\/p>\n<p>Los nuevos soberanos disfrutaron su noche acompa\u00f1ados de la Directora General del DIF Estatal, Silvia Elena Parrao Arceo; la Directora de Atenci\u00f3n Social y Discapacidad, Magaly Medina Farf\u00e1n; autoridades municipales y los Reyes 2017: Andrea Guadalupe Chi Canto y Carlos Augusto Che Garc\u00eda, quienes felicitaron a los nuevos soberanos.<\/p>\n","protected":false},"excerpt":{"rendered":"<p>Los j\u00f3venes Mar\u00eda Jos\u00e9 Sandoval Murgas \u201cMar\u00eda Jos\u00e9 I\u201d y Carlos Omar Williams Le\u00f3n \u201cCarlos I\u201d fueron presentados como los Reyes del Carnaval de Persona<\/p>\n","protected":false},"author":1018,"featured_media":0,"comment_status":"open","ping_status":"open","sticky":false,"template":"","format":"standard","meta":{"tdm_status":"","tdm_grid_status":"","footnotes":""},"categories":[27],"tags":[],"_links":{"self":[{"href":"https:\/\/dralvarez.com.mx\/larevista\/wp-json\/wp\/v2\/posts\/59760"}],"collection":[{"href":"https:\/\/dralvarez.com.mx\/larevista\/wp-json\/wp\/v2\/posts"}],"about":[{"href":"https:\/\/dralvarez.com.mx\/larevista\/wp-json\/wp\/v2\/types\/post"}],"author":[{"embeddable":true,"href":"https:\/\/dralvarez.com.mx\/larevista\/wp-json\/wp\/v2\/users\/1018"}],"replies":[{"embeddable":true,"href":"https:\/\/dralvarez.com.mx\/larevista\/wp-json\/wp\/v2\/comments?post=59760"}],"version-history":[{"count":0,"href":"https:\/\/dralvarez.com.mx\/larevista\/wp-json\/wp\/v2\/posts\/59760\/revisions"}],"wp:attachment":[{"href":"https:\/\/dralvarez.com.mx\/larevista\/wp-json\/wp\/v2\/media?parent=59760"}],"wp:term":[{"taxonomy":"category","embeddable":true,"href":"https:\/\/dralvarez.com.mx\/larevista\/wp-json\/wp\/v2\/categories?post=59760"},{"taxonomy":"post_tag","embeddable":true,"href":"https:\/\/dralvarez.com.mx\/larevista\/wp-json\/wp\/v2\/tags?post=59760"}],"curies":[{"name":"wp","href":"https:\/\/api.w.org\/{rel}","templated":true}]}}