{"id":59758,"date":"2017-11-07T00:00:00","date_gmt":"2017-11-07T06:00:00","guid":{"rendered":"https:\/\/dralvarez.com.mx\/larevista\/blog\/la-replica-de-la-capilla-sixtina-abre-sus-puertas-a-los-meridanos-19380"},"modified":"2017-11-07T00:00:00","modified_gmt":"2017-11-07T06:00:00","slug":"la-replica-de-la-capilla-sixtina-abre-sus-puertas-a-los-meridanos-19380","status":"publish","type":"post","link":"https:\/\/dralvarez.com.mx\/larevista\/yucatan\/la-replica-de-la-capilla-sixtina-abre-sus-puertas-a-los-meridanos-19380","title":{"rendered":"La r\u00e9plica de la Capilla Sixtina abre sus puertas a los meridanos"},"content":{"rendered":"<p>Las cifras de turismo se han disparado en M\u00e9rida, que ahora contar\u00e1 con un nuevo im\u00e1n para atraer visitantes. Se trata de la r\u00e9plica de la Capilla Sixtina, que el alcalde Mauricio Vila Dosal inaugur\u00f3 hoy.  Esta exposici\u00f3n se enmarca en las actividades programadas de M\u00e9rida, Capital Americana de la Cultura 2017.<\/p>\n<p>\u2014Con este evento, de primer\u00edsima calidad, hemos hecho que M\u00e9rida est\u00e9 al nivel de las m\u00e1s importantes ciudades culturales \u2014se\u00f1al\u00f3 el presidente municipal Vila Dosal. \u2014Los meridanos merecen lo mejor y por eso hacemos lo mejor por ellos. Esta es una ciudad que avanza y su oferta cultural es prueba de ello. M\u00e9rida es hoy una capital de oportunidades para todos en todo sentido.<\/p>\n<p>En la inauguraci\u00f3n de esta exposici\u00f3n estuvieron presentes, la presidenta del DIF Municipal, Mar\u00eda Eugenia Ort\u00edz Abraham;  el consejero de la Nunciatura Apost\u00f3lica en M\u00e9xico, Mons. Kevin Stuart Randall; el secretario de Museos Vaticanos, Roberto Romano, y el arzobispo de Yucat\u00e1n, Gustavo Rodr\u00edguez Vega.<\/p>\n<p>El alcalde de M\u00e9rida asegur\u00f3 que la r\u00e9plica de la Capilla Sixtina consolidar\u00e1 el crecimiento tur\u00edstico de la ciudad. \u00abM\u00e9rida se proyecta as\u00ed como referente en el mapa cultural y tur\u00edstico de M\u00e9xico, Am\u00e9rica y el mundo entero\u00bb. Hasta el momento 32,600 personas ya apartaron en l\u00ednea su visita. Se espera que la cifra se multiplique, como ha sucedido en otras ciudades donde se ha instalado esta monumental r\u00e9plica.<\/p>\n<p>Se\u00f1al\u00f3 que para este a\u00f1o, que coincide con el 475 aniversario de la fundaci\u00f3n de la M\u00e9rida, se ha conjuntado la oferta cultural que organizan los tres \u00f3rdenes de gobierno, los promotores culturales, las instituciones privadas y p\u00fablicas, los artistas locales; presentando m\u00e1s de 12,200 eventos culturales y art\u00edsticos de calidad internacional.<\/p>\n<p>La capitalidad cultural de M\u00e9rida ha tenido entre otros, como objetivo que todos los ciudadanos, tengan acceso a los bienes de la cultura y proyectarla como referente en el mapa cultural y art\u00edstico de M\u00e9xico, Am\u00e9rica y el mundo entero. Todo esto en el marco de la Agenda 21 de la Cultura y la Carta de los Derechos Culturales de los meridanos.<\/p>\n<p>\u2014Las actividades culturales incrementan el n\u00famero de visitantes a la ciudad, incentivando la econom\u00eda y permitiendo que todos tengan acceso a la amplia oferta de eventos programada para este a\u00f1o-dijo.<\/p>\n<p>Agreg\u00f3 que eventos como este y todos los que se han realizado en conjunto con otras instituciones, durante este a\u00f1o de Capital Americana de la Cultura, ha colocado a M\u00e9rida como referente cultural nacional e internacionalmente.<\/p>\n<p>El arte y la cultura han dejado ya frutos en la ciudad: de enero a septiembre de este a\u00f1o, la llegada de visitantes con pernocta en M\u00e9rida ha sido de un mill\u00f3n, significando un incremento del 15% con respecto a los registrados en el mismo lapso 2016.<\/p>\n<p>El porcentaje de ocupaci\u00f3n hotelera es de 63.1% en lo que va del a\u00f1o en comparaci\u00f3n al 2016 que fue del 59.5%. Por su parte, el Aeropuerto Internacional de la Ciudad registr\u00f3 de enero a septiembre del presente 1,563,859 pasajeros, es decir, un 11.5% de incremento en comparaci\u00f3n al 2016.<\/p>\n<p><b>Referente cultural<\/b><\/p>\n<p>\u201cHoy estamos inaugurando la r\u00e9plica de la Capilla Sixtina, una de las obras m\u00e1s significativas del Renacimiento por su simbolismo, su belleza y por ser patrimonio cultural de la humanidad\u201d, expres\u00f3.<\/p>\n<p>Adem\u00e1s, continu\u00f3, decidimos traer esta r\u00e9plica para que los meridanos y nuestros visitantes tengan la oportunidad de contemplar y experimentar la emoci\u00f3n de encontrarse dentro de esta Capilla, admirar el arte de los grandes maestros, y conocer el lugar donde se re\u00fane el Colegio Cardenalicio, entre otros temas, a elegir al Papa.<\/p>\n<p>El Secretario de General de Museos Vaticanos, Roberto Romano, se\u00f1al\u00f3 que la Capilla Sixtina ha llegado a muchas ciudades y ha rebasado sus expectativas por la gran aceptaci\u00f3n que ha tenido de parte de millones de personas que la han visitado.<\/p>\n<p>Expres\u00f3 que la Capilla es una extraordinaria muestra cultural que ofrece consolaci\u00f3n y esperanza en estos tiempos complicados entre grandes dificultades.<\/p>\n<p>-Esto sucede de manera especial en la Capilla Sixtina, en donde Dios y el hombre encuentran a trav\u00e9s de Miguel Angel, el mensaje universal capaz de ser comprendido por cualquiera que asiste a esta muestra-, se\u00f1al\u00f3.<\/p>\n<p>Asimismo agradeci\u00f3 a los organizadores, patrocinadores, a los hombres y mujeres que con su trabajo est\u00e1n permitiendo el milagro en muchas ciudades con la realizaci\u00f3n de la r\u00e9plica de la Capilla Sixtina.<\/p>\n<p>En su turno el Consejero de la Nunciatura Apost\u00f3lica en M\u00e9xico, Kevin Stuart Randall, dijo que es un gran honor y un privilegio estar en M\u00e9rida en la inauguraci\u00f3n de la r\u00e9plica de la Capilla Sixtina y felicit\u00f3 a todos los involucrados por el estupendo evento cultural, que no solo muestra mucho trabajo y dedicaci\u00f3n, sino las buenas relaciones entre la Santa Sede y M\u00e9xico.<\/p>\n<p>Al t\u00e9rmino del acto protocolario se proyect\u00f3 un video introductorio de la r\u00e9plica y se traslad\u00f3 a los invitados al interior de la Capilla Sixtina.<\/p>\n<p>Durante el recorrido el alcalde de Mauricio Vila, junto con el Secretario General de Museos Vaticanos, Roberto Romano hicieron entrega de reconocimientos a Banorte y Maseca, ya que desde un principio creyeron en el proyecto.<\/p>\n<p>La r\u00e9plica de la Capilla Sixtina se ubica en la Avenida 128 #239 en el Fracc. Yucalpet\u00e9n, en horario de 10 am a 7:40 pm de martes a domingo a partir del 7 de noviembre al 7 de diciembre. Para acceder al espacio, se requiere ingresar a la p\u00e1gina <a target=\"_blank\" rel=\"nofollow noopener\" href=\"http:\/\/www.sixtinaenmexico.com\">www.sixtinaenmexico.com<\/a> y seleccionar la fecha y el horario. Se tiene programado grupos de 600 personas cada 20 minutos.<br \/>Como se inform\u00f3, en el evento estuvieron, los representantes de la Capilla Sixtina en M\u00e9xico, Antonio y Gabriel Berumen; el subdirector de mercadotecnia GRUMA M\u00e9xico, Hern\u00e1n Marcos Marcos, y el director territorial peninsular de Grupo Financiero Banorte, Luis Alberto Gonz\u00e1lez Ayala, representantes de c\u00e1maras empresariales, directores municipales y regidores y representantes de las fuerzas armadas y navales.<br \/>M\u00e9todo para acceder a los pases<\/p>\n<p>Para obtener pases y disfrutar de la r\u00e9plica de la Capilla Sixtina, debe ingresar a la p\u00e1gina <a target=\"_blank\" rel=\"nofollow noopener\" href=\"http:\/\/www.sixtinaenmexico.com\">www.sixtinaenmexico.com<\/a>, ingresar a la pesta\u00f1a \u201cReservar Ahora\u201d, seleccionar la fecha, el horario y la cantidad de boletos a requerir (m\u00e1ximo de 10 por persona). <\/p>\n<p>Posteriormente se redirecciona a otra pesta\u00f1a en donde debe ingresar su nombre y un correo electr\u00f3nico con el pase correspondiente.  <\/p>\n<p><b>Datos de la obra<\/b><\/p>\n<p>La r\u00e9plica de la Capilla Sixtina se realiz\u00f3 con m\u00e1s de 3,000 M2 de tela impresa montada en una estructura en tama\u00f1o y dimensiones reales a la Capilla Sixtina del Vaticano en Roma. En las m\u00e1s de 2.7 millones de fotograf\u00edas se reproduce cada cent\u00edmetro de la gran obra de Miguel \u00c1ngel.<\/p>\n<p>Para el montaje se cont\u00f3 con la participaci\u00f3n de 280 especialistas que estuvieron en la conformaci\u00f3n de la estructura de 27 metros de altura, 78 metros de largo y 36 de ancho.<\/p>\n<p>Se cuenta con un recorrido de 360\u00ba en el que se explica algunos fragmentos de las pinturas realizadas durante el siglo XV para ofrecer al p\u00fablico una mejor experiencia.<\/p>\n<p>Como se inform\u00f3, la Capilla Sixtina es la mayor obra de arte por sus dimensiones, simbolismo e historia que representa, siendo un espacio en donde se conjugan el arte y la fe para concebir una de las expresiones art\u00edsticas m\u00e1s reconocidas.<\/p>\n","protected":false},"excerpt":{"rendered":"<p>El alcalde Mauricio Vila inaugura esta exposici\u00f3n, en la que se espera la visita de yucatecos y de turismo nacional e internacional.<\/p>\n","protected":false},"author":1018,"featured_media":0,"comment_status":"open","ping_status":"open","sticky":false,"template":"","format":"standard","meta":{"tdm_status":"","tdm_grid_status":"","footnotes":""},"categories":[21],"tags":[],"_links":{"self":[{"href":"https:\/\/dralvarez.com.mx\/larevista\/wp-json\/wp\/v2\/posts\/59758"}],"collection":[{"href":"https:\/\/dralvarez.com.mx\/larevista\/wp-json\/wp\/v2\/posts"}],"about":[{"href":"https:\/\/dralvarez.com.mx\/larevista\/wp-json\/wp\/v2\/types\/post"}],"author":[{"embeddable":true,"href":"https:\/\/dralvarez.com.mx\/larevista\/wp-json\/wp\/v2\/users\/1018"}],"replies":[{"embeddable":true,"href":"https:\/\/dralvarez.com.mx\/larevista\/wp-json\/wp\/v2\/comments?post=59758"}],"version-history":[{"count":0,"href":"https:\/\/dralvarez.com.mx\/larevista\/wp-json\/wp\/v2\/posts\/59758\/revisions"}],"wp:attachment":[{"href":"https:\/\/dralvarez.com.mx\/larevista\/wp-json\/wp\/v2\/media?parent=59758"}],"wp:term":[{"taxonomy":"category","embeddable":true,"href":"https:\/\/dralvarez.com.mx\/larevista\/wp-json\/wp\/v2\/categories?post=59758"},{"taxonomy":"post_tag","embeddable":true,"href":"https:\/\/dralvarez.com.mx\/larevista\/wp-json\/wp\/v2\/tags?post=59758"}],"curies":[{"name":"wp","href":"https:\/\/api.w.org\/{rel}","templated":true}]}}