{"id":59749,"date":"2017-11-07T00:00:00","date_gmt":"2017-11-07T06:00:00","guid":{"rendered":"https:\/\/dralvarez.com.mx\/larevista\/blog\/los-jovenes-si-estan-interesados-en-la-politica-liborio-vidal-19371"},"modified":"2017-11-07T00:00:00","modified_gmt":"2017-11-07T06:00:00","slug":"los-jovenes-si-estan-interesados-en-la-politica-liborio-vidal-19371","status":"publish","type":"post","link":"https:\/\/dralvarez.com.mx\/larevista\/yucatan\/los-jovenes-si-estan-interesados-en-la-politica-liborio-vidal-19371","title":{"rendered":"Los j\u00f3venes s\u00ed est\u00e1n interesados en la pol\u00edtica: Liborio Vidal"},"content":{"rendered":"<\/p>\n<p>M\u00e9rida, Yucat\u00e1n, a 6 de noviembre de 2017. Los emprendedores de siete universidades y del Instituto Yucateco del Emprendedor (Iyem) han escuchado c\u00f3mo Liborio Vidal Aguilar construy\u00f3 su empresa en la conferencia \u201cImagina y Haz\u201d, al final de la cual se abre el micr\u00f3fono a preguntas y comentarios.<\/p>\n<p>Las mayor\u00eda de las preguntas que plantean los j\u00f3venes tiene qu\u00e9 ver con c\u00f3mo vencer el miedo, si ha querido darse por vencido en alg\u00fan momento o la forma en c\u00f3mo ha superado los momentos de crisis, sin embargo tambi\u00e9n han surgido preguntas sobre su actividad pol\u00edtica.<\/p>\n<p>Hoy, el empresario y pol\u00edtico yucateco se present\u00f3 ante m\u00e1s de 120 j\u00f3venes, en el Centro de Estudios Superiores CTM, de las carreras de psicolog\u00eda y derecho, y la primera pregunta que le hicieron fue: \u201c\u00bfEntre la pol\u00edtica y la empresa, qu\u00e9 prefiere m\u00e1s?\u201d.<\/p>\n<p>\u201cMe he llevado sorpresas muy gratas en estos encuentros con los j\u00f3venes, porque tenemos la idea de que ellos piensan mal de la pol\u00edtica o que no les interesa, que s\u00f3lo se quejan, pero no es cierto, los j\u00f3venes tienen dudas, quieren preguntar, quieren pol\u00edticos cercanos con quienes puedan hablar y tambi\u00e9n tienen muchas propuestas\u201d, dijo Vidal Aguilar al finalizar el evento.<\/p>\n<p>Entre las preguntas m\u00e1s recurrentes que le han hecho los estudiantes es \u201c\u00bfde verdad dona su sueldo?\u201d, a lo que Vidal Aguilar les responde que \u00e9l vive de su empresa y eso le da la oportunidad de apoyar a diferentes causas con su sueldo como diputado federal y, en diciembre, con el bono y el aguinaldo.<\/p>\n<p>Los j\u00f3venes le preguntaron por sus metas y sue\u00f1os como empresario y como pol\u00edtico, a lo que el #AmigoLibo les responde que su meta empresarial es exportar y que el sue\u00f1o de todo quien ha construido una carrera pol\u00edtica es ser gobernador de Yucat\u00e1n.<\/p>\n<p>En cada ocasi\u00f3n, al finalizar la parte protocolaria, los alumnos de cada escuela se han acercado a Liborio Vidal para hacer preguntas m\u00e1s espec\u00edficas sobre sus proyectos personales de emprendimiento y m\u00e1s en corto sobre su visi\u00f3n de los pol\u00edticos.<\/p><\/p>\n","protected":false},"excerpt":{"rendered":"<p>Universitarios y emprendedores expresan su inter\u00e9s sobre el sector empresarial y el servicio p\u00fablico.<\/p>\n","protected":false},"author":1018,"featured_media":0,"comment_status":"open","ping_status":"open","sticky":false,"template":"","format":"standard","meta":{"tdm_status":"","tdm_grid_status":"","footnotes":""},"categories":[21],"tags":[],"_links":{"self":[{"href":"https:\/\/dralvarez.com.mx\/larevista\/wp-json\/wp\/v2\/posts\/59749"}],"collection":[{"href":"https:\/\/dralvarez.com.mx\/larevista\/wp-json\/wp\/v2\/posts"}],"about":[{"href":"https:\/\/dralvarez.com.mx\/larevista\/wp-json\/wp\/v2\/types\/post"}],"author":[{"embeddable":true,"href":"https:\/\/dralvarez.com.mx\/larevista\/wp-json\/wp\/v2\/users\/1018"}],"replies":[{"embeddable":true,"href":"https:\/\/dralvarez.com.mx\/larevista\/wp-json\/wp\/v2\/comments?post=59749"}],"version-history":[{"count":0,"href":"https:\/\/dralvarez.com.mx\/larevista\/wp-json\/wp\/v2\/posts\/59749\/revisions"}],"wp:attachment":[{"href":"https:\/\/dralvarez.com.mx\/larevista\/wp-json\/wp\/v2\/media?parent=59749"}],"wp:term":[{"taxonomy":"category","embeddable":true,"href":"https:\/\/dralvarez.com.mx\/larevista\/wp-json\/wp\/v2\/categories?post=59749"},{"taxonomy":"post_tag","embeddable":true,"href":"https:\/\/dralvarez.com.mx\/larevista\/wp-json\/wp\/v2\/tags?post=59749"}],"curies":[{"name":"wp","href":"https:\/\/api.w.org\/{rel}","templated":true}]}}