{"id":59735,"date":"2017-11-07T00:00:00","date_gmt":"2017-11-07T06:00:00","guid":{"rendered":"https:\/\/dralvarez.com.mx\/larevista\/blog\/militantes-se-van-de-accion-nacional-19357"},"modified":"2017-11-07T00:00:00","modified_gmt":"2017-11-07T06:00:00","slug":"militantes-se-van-de-accion-nacional-19357","status":"publish","type":"post","link":"https:\/\/dralvarez.com.mx\/larevista\/yucatan\/militantes-se-van-de-accion-nacional-19357","title":{"rendered":"Militantes se van de Acci\u00f3n Nacional"},"content":{"rendered":"<\/p>\n<p>Esta ma\u00f1ana, varios panistas confirmaron su renuncia a ese instituto pol\u00edtico ante lo que dijeron &#8220;es una clara intromisi\u00f3n de fuerzas externas para designar candidatos por dedazo\u201d.<\/p>\n<p>Los panistas denunciantes ofrecieron una rueda de prensa para informar que se unir\u00edan a la candidatura independiente de Alberto Rafful Qui\u00f1ones, quien se postular\u00e1 por el V Distrito Electoral.<\/p>\n<p>Los blanquiazules renunciantes se\u00f1alaron una serie de irregularidades ante las necesidades de las bases panistas, entre ellos, la condici\u00f3n de no realizar consultas externas e internas para la selecci\u00f3n de candidatos a los distintos puestos de elecci\u00f3n popular ante las pr\u00f3ximas elecciones.<\/p>\n<p>En este caso Rafful Qui\u00f1ones expuso que su renuncia al PAN se debe a &#8220;la cerraz\u00f3n\u201d de la dirigencia panista en la selecci\u00f3n en los m\u00e9todos internos de candidatos a diputados, ya que asegur\u00f3 haber trabajado intensamente por ese partido que ahora no le retribuye su trabajo pol\u00edtico.<\/p>\n<p>Explic\u00f3 que, a partir de su renuncia, presentar\u00e1 una petici\u00f3n ante el organismo electoral del estado para postularse de manera independiente por el V Distrito local, donde deber\u00e1 reunir 5 mil 458 firmas de ciudadanos para acompa\u00f1ar su petici\u00f3n de candidato independiente y cubrir las exigencias de la ley electoral.<\/p>\n<p>Por su parte, el candidato independiente Adri\u00e1n Gorocica Rojas se registrar\u00e1 este martes ante el Instituto Electoral y de Participaci\u00f3n Ciudadana (IEPAC), seg\u00fan confirm\u00f3, ya que ha reunido los documentos y requerimientos que exige la ley electoral del estado<\/p>\n<p>Gorocica Rojas se suma a la lista de al menos 14 personas que han confirmado su inscripci\u00f3n al proceso electoral como candidatos independientes en Yucat\u00e1n, en su caso, el declarante se\u00f1al\u00f3 sus intenciones de postularse por el VII distrito electoral, en las elecciones de julio 2018.<\/p><\/p>\n","protected":false},"excerpt":{"rendered":"<p>Los blanquiazules renunciantes se\u00f1alaron una serie de irregularidades ante las necesidades de las bases panistas, entre ellos, la condici\u00f3n de no real<\/p>\n","protected":false},"author":1018,"featured_media":0,"comment_status":"open","ping_status":"open","sticky":false,"template":"","format":"standard","meta":{"tdm_status":"","tdm_grid_status":"","footnotes":""},"categories":[21],"tags":[],"_links":{"self":[{"href":"https:\/\/dralvarez.com.mx\/larevista\/wp-json\/wp\/v2\/posts\/59735"}],"collection":[{"href":"https:\/\/dralvarez.com.mx\/larevista\/wp-json\/wp\/v2\/posts"}],"about":[{"href":"https:\/\/dralvarez.com.mx\/larevista\/wp-json\/wp\/v2\/types\/post"}],"author":[{"embeddable":true,"href":"https:\/\/dralvarez.com.mx\/larevista\/wp-json\/wp\/v2\/users\/1018"}],"replies":[{"embeddable":true,"href":"https:\/\/dralvarez.com.mx\/larevista\/wp-json\/wp\/v2\/comments?post=59735"}],"version-history":[{"count":0,"href":"https:\/\/dralvarez.com.mx\/larevista\/wp-json\/wp\/v2\/posts\/59735\/revisions"}],"wp:attachment":[{"href":"https:\/\/dralvarez.com.mx\/larevista\/wp-json\/wp\/v2\/media?parent=59735"}],"wp:term":[{"taxonomy":"category","embeddable":true,"href":"https:\/\/dralvarez.com.mx\/larevista\/wp-json\/wp\/v2\/categories?post=59735"},{"taxonomy":"post_tag","embeddable":true,"href":"https:\/\/dralvarez.com.mx\/larevista\/wp-json\/wp\/v2\/tags?post=59735"}],"curies":[{"name":"wp","href":"https:\/\/api.w.org\/{rel}","templated":true}]}}