{"id":59710,"date":"2017-11-06T00:00:00","date_gmt":"2017-11-06T06:00:00","guid":{"rendered":"https:\/\/dralvarez.com.mx\/larevista\/blog\/precauciones-en-la-temporada-invernal-19332"},"modified":"2017-11-06T00:00:00","modified_gmt":"2017-11-06T06:00:00","slug":"precauciones-en-la-temporada-invernal-19332","status":"publish","type":"post","link":"https:\/\/dralvarez.com.mx\/larevista\/compeche\/precauciones-en-la-temporada-invernal-19332","title":{"rendered":"Precauciones en la temporada invernal"},"content":{"rendered":"<p>La Secretar\u00eda de Protecci\u00f3n Civil del Gobierno del Estado de Campeche (SEPROCI) exhorta a la poblaci\u00f3n a mantenerse atenta y tomar precauciones en esta temporada invernal, ya que se prev\u00e9 la presencia de 43 sistemas frontales en todo el pa\u00eds, seg\u00fan informa la Comisi\u00f3n Nacional del Agua (CONAGUA).<\/p>\n<p>Seg\u00fan el organismo central, entre noviembre de 2017 y mayo de 2018 se pronostica la presencia de 43 Frentes Fr\u00edos que cruzar\u00edan por alguna parte de nuestro pa\u00eds, dejando principalmente descenso de temperaturas. Es importante recordar que en Campeche la temporada de Frentes Fr\u00edos es m\u00e1s activa entre los meses de noviembre y marzo, y por su ubicaci\u00f3n una menor cantidad de Frentes Fr\u00edos suele afectar el territorio campechano. <\/p>\n<p>En dicho per\u00edodo, las temperaturas promedian entre los 15\u00b0C y 20\u00b0C como m\u00ednimas, aunque ocasionalmente se presentan eventos con temperaturas rondando los 10\u00b0C o por debajo de estos valores. Tambi\u00e9n las masas de aire fr\u00edo tienen asociados los eventos de \u2018Norte\u2019 con vientos fuertes, que generan oleaje y marea elevados.<\/p>\n<p>La presencia de Frentes Fr\u00edos suele disminuir considerablemente hacia los meses de marzo y abril en Campeche para dar paso al per\u00edodo de temperaturas calurosas.<\/p>\n<p>Ante esta situaci\u00f3n, la SEPROCI exhorta a la poblaci\u00f3n a tomar precauciones cuando se tenga la previsi\u00f3n de un Frente Fr\u00edo o bajas temperaturas, destacando las siguientes recomendaciones.<\/p>\n<p>Mantenerse atentos a los avisos de las autoridades de Protecci\u00f3n Civil y a los boletines meteorol\u00f3gicos oficiales difundidos en los medios de comunicaci\u00f3n; ante bajas temperaturas, abrigarse con varias prendas, pues calientan mejor que una ropa gruesa; al salir de un lugar caliente cubrir boca y nariz para no respirar el aire fr\u00edo, los cambios bruscos de temperatura pueden afectar el sistema respiratorio.<\/p>\n<p>Prestar especial cuidado a las personas mayores, ni\u00f1as y ni\u00f1os, mujeres embarazadas y enfermos cr\u00f3nicos, pues son el grupo m\u00e1s vulnerable ante bajas temperaturas; no utilizar braceros, hornos y estufas para calentar la casa; ante los eventos de \u2018Norte con lluvia y viento con rachas, extremar precauciones con actividades al aire libre y cuando se maneje en carretera.<\/p>\n<p>A la navegaci\u00f3n mar\u00edtima se exhorta extremar precauciones y seguir las recomendaciones de su capitan\u00eda de puerto correspondiente.<\/p>\n<p>Por otra parte, y seg\u00fan informaci\u00f3n de la CONAGUA, el r\u00edo Palizada increment\u00f3 su nivel en las \u00faltimas 48 horas ubic\u00e1ndolo en 5.24 msnm, 4 cm arriba de su NAMO. Por lo que la SEPROCI mantiene la vigilancia de las comunidades de la regi\u00f3n en coordinaci\u00f3n con las autoridades de los tres niveles de gobierno para atender cualquier contingencia en el  municipio. En los \u00faltimos d\u00edas ha disminuido la presencia de lluvias en la regi\u00f3n por lo que se estima que el r\u00edo tienda a estabilizarse y posteriormente descender.<\/p>\n","protected":false},"excerpt":{"rendered":"<p>La Secretar\u00eda de Protecci\u00f3n Civil del Gobierno del Estado de Campeche (SEPROCI) exhorta a la poblaci\u00f3n a mantenerse atenta y tomar precauciones en est<\/p>\n","protected":false},"author":1018,"featured_media":0,"comment_status":"open","ping_status":"open","sticky":false,"template":"","format":"standard","meta":{"tdm_status":"","tdm_grid_status":"","footnotes":""},"categories":[27],"tags":[],"_links":{"self":[{"href":"https:\/\/dralvarez.com.mx\/larevista\/wp-json\/wp\/v2\/posts\/59710"}],"collection":[{"href":"https:\/\/dralvarez.com.mx\/larevista\/wp-json\/wp\/v2\/posts"}],"about":[{"href":"https:\/\/dralvarez.com.mx\/larevista\/wp-json\/wp\/v2\/types\/post"}],"author":[{"embeddable":true,"href":"https:\/\/dralvarez.com.mx\/larevista\/wp-json\/wp\/v2\/users\/1018"}],"replies":[{"embeddable":true,"href":"https:\/\/dralvarez.com.mx\/larevista\/wp-json\/wp\/v2\/comments?post=59710"}],"version-history":[{"count":0,"href":"https:\/\/dralvarez.com.mx\/larevista\/wp-json\/wp\/v2\/posts\/59710\/revisions"}],"wp:attachment":[{"href":"https:\/\/dralvarez.com.mx\/larevista\/wp-json\/wp\/v2\/media?parent=59710"}],"wp:term":[{"taxonomy":"category","embeddable":true,"href":"https:\/\/dralvarez.com.mx\/larevista\/wp-json\/wp\/v2\/categories?post=59710"},{"taxonomy":"post_tag","embeddable":true,"href":"https:\/\/dralvarez.com.mx\/larevista\/wp-json\/wp\/v2\/tags?post=59710"}],"curies":[{"name":"wp","href":"https:\/\/api.w.org\/{rel}","templated":true}]}}