{"id":59707,"date":"2017-11-06T00:00:00","date_gmt":"2017-11-06T06:00:00","guid":{"rendered":"https:\/\/dralvarez.com.mx\/larevista\/blog\/festivo-convite-de-la-feria-tizimin-2018-19329"},"modified":"2017-11-06T00:00:00","modified_gmt":"2017-11-06T06:00:00","slug":"festivo-convite-de-la-feria-tizimin-2018-19329","status":"publish","type":"post","link":"https:\/\/dralvarez.com.mx\/larevista\/yucatan\/festivo-convite-de-la-feria-tizimin-2018-19329","title":{"rendered":"Festivo, Convite de la Feria Tizim\u00edn 2018"},"content":{"rendered":"<p>Tizim\u00edn, Yucat\u00e1n, 5 de noviembre de 2017.- M\u00fasica de charanga y coloridas estampas lucieron en las calles de Tizim\u00edn durante el tradicional Convite, que marca el inicio de las celebraciones de la Expo Feria de Reyes 2018.<\/p>\n<p>Ataviada con el traje t\u00edpico de la regi\u00f3n, la Presidenta del Sistema para el Desarrollo Integral de la Familia (DIF) Yucat\u00e1n, Sarita Blancarte de Zapata, junto con el alcalde anfitri\u00f3n, Jorge Vales Traconis, encabez\u00f3 el recorrido por los hogares de los 12 diputados de la Feria, quienes compartieron comida y bebida con vecinos.<\/p>\n<p>Acompa\u00f1ada de su hija Monserrat Zapata Blancarte, la esposa del Gobernador Rolando Zapata Bello coment\u00f3 que durante seis a\u00f1os consecutivos ha participado en ese magno festejo, que une a los habitantes y reafirma las ra\u00edces e identidad del pueblo yucateco.<\/p>\n<p>&#8220;Ustedes saben que mis abuelitos eran de aqu\u00ed, de Tizim\u00edn; saben lo mucho que me gusta compartir momentos con ustedes en la vaquer\u00eda, en el Convite, hermosas tradiciones que debemos ense\u00f1arles a nuestros hijos y que deben perdurar&#8221;, afirm\u00f3 en la Placita de Toros.<\/p>\n<p>Luego de partir de los bajos del Palacio Municipal y caminar m\u00e1s de cinco kil\u00f3metros por las calles de la sede, miles de tizimile\u00f1os y visitantes hicieron un alto intermedio para disfrutar las jaranas yucatecas y el cochino encebado, as\u00ed como para deleitar el paladar con cochinita pibil.<\/p>\n<p>Familias completas esperaban en las puertas de sus casas para ver desfilar los elegantes ternos, sombreros, multicolores flores y estandartes de tela o papel picado, pero sobre todo, para contagiarse de la alegr\u00eda con que la comitiva de asistentes invitaba a los tizimile\u00f1os a formar parte del evento anual. <\/p>\n<p>Asistieron el diputado federal Liborio Vidal Aguilar, y la presidenta del DIF Tizim\u00edn, Ivonne Del R\u00edo P\u00e9rez, as\u00ed como los directores de la dependencia estatal, Limber Sosa Lara, y de la Beneficencia P\u00fablica del Estado, Miguel \u00c1ngel Cabrera Palma. Asimismo, la Reina actual de la Feria de Reyes Tizim\u00edn, Patricia Aguiar Coronado.<\/p>\n","protected":false},"excerpt":{"rendered":"<p>Encabez\u00f3 el tradicional recorrido la Presidenta del DIF Yucat\u00e1n.<\/p>\n","protected":false},"author":1018,"featured_media":0,"comment_status":"open","ping_status":"open","sticky":false,"template":"","format":"standard","meta":{"tdm_status":"","tdm_grid_status":"","footnotes":""},"categories":[21],"tags":[],"_links":{"self":[{"href":"https:\/\/dralvarez.com.mx\/larevista\/wp-json\/wp\/v2\/posts\/59707"}],"collection":[{"href":"https:\/\/dralvarez.com.mx\/larevista\/wp-json\/wp\/v2\/posts"}],"about":[{"href":"https:\/\/dralvarez.com.mx\/larevista\/wp-json\/wp\/v2\/types\/post"}],"author":[{"embeddable":true,"href":"https:\/\/dralvarez.com.mx\/larevista\/wp-json\/wp\/v2\/users\/1018"}],"replies":[{"embeddable":true,"href":"https:\/\/dralvarez.com.mx\/larevista\/wp-json\/wp\/v2\/comments?post=59707"}],"version-history":[{"count":0,"href":"https:\/\/dralvarez.com.mx\/larevista\/wp-json\/wp\/v2\/posts\/59707\/revisions"}],"wp:attachment":[{"href":"https:\/\/dralvarez.com.mx\/larevista\/wp-json\/wp\/v2\/media?parent=59707"}],"wp:term":[{"taxonomy":"category","embeddable":true,"href":"https:\/\/dralvarez.com.mx\/larevista\/wp-json\/wp\/v2\/categories?post=59707"},{"taxonomy":"post_tag","embeddable":true,"href":"https:\/\/dralvarez.com.mx\/larevista\/wp-json\/wp\/v2\/tags?post=59707"}],"curies":[{"name":"wp","href":"https:\/\/api.w.org\/{rel}","templated":true}]}}