{"id":59706,"date":"2017-11-06T00:00:00","date_gmt":"2017-11-06T06:00:00","guid":{"rendered":"https:\/\/dralvarez.com.mx\/larevista\/blog\/vidrios-millet-parte-esencial-de-la-reindustrializacion-pablo-gamboa-miner-19328"},"modified":"2017-11-06T00:00:00","modified_gmt":"2017-11-06T06:00:00","slug":"vidrios-millet-parte-esencial-de-la-reindustrializacion-pablo-gamboa-miner-19328","status":"publish","type":"post","link":"https:\/\/dralvarez.com.mx\/larevista\/yucatan\/vidrios-millet-parte-esencial-de-la-reindustrializacion-pablo-gamboa-miner-19328","title":{"rendered":"\u201cVidrios Millet, parte esencial de la reindustrializaci\u00f3n\u201d,  Pablo Gamboa Miner"},"content":{"rendered":"<\/p>\n<p>Con s\u00f3lidas<br \/>\nproyecciones para continuar en crecimiento, Vidrios Millet es parte esencial de<br \/>\nla reindustrializaci\u00f3n de Yucat\u00e1n; afirm\u00f3 el diputado federal Pablo Gamboa<br \/>\nMiner. &nbsp;<\/p>\n<p>En recorrido<br \/>\npor la planta de elaboraci\u00f3n, junto al director de operaciones de la empresa,<br \/>\nMauricio Millet; el Legislador conoci\u00f3 de primera mano algunos de los planes de<br \/>\nla firma para continuar como l\u00edder en la regi\u00f3n.<\/p>\n<p>\u201cEs un<br \/>\norgullo poder decir que Yucat\u00e1n cuenta con empresas de tradici\u00f3n, que exportan<br \/>\ncalidad y dejan en alto la mano de obra del Estado\u201d, expres\u00f3 el Diputado<br \/>\nfederal.<\/p>\n<p>Adem\u00e1s<br \/>\nrecalc\u00f3 que el trabajo de empresas como Vidrios Millet, con m\u00e1s de 600<br \/>\ntrabajadores, es el complemento indispensable para la nueva era de la econom\u00eda<br \/>\nen el Estado; etapa que da inicio con la reindustrializaci\u00f3n impulsada por el<br \/>\nGobernador Rolando Zapata Bello. <\/p>\n<p>\u201cLa tarea es<br \/>\ny debe ser compartida entre el sector p\u00fabico y la iniciativa privada para<br \/>\nllevar los productos yucatecos a m\u00e1s mercados.  Pues en diversos pa\u00edses se<br \/>\nvalora por mucho lo hecho en el Estado\u201d, manifest\u00f3 Gamboa Miner. <\/p>\n<p>Mauricio<br \/>\nMillet explic\u00f3 al diputado cada uno de los procesos que se desarrollan para la<br \/>\nelaboraci\u00f3n de los productos, en las \u00e1reas de corte, templado, laminado e<br \/>\ninsulado.<\/p><\/p>\n","protected":false},"excerpt":{"rendered":"<p>Con s\u00f3lidas proyecciones para continuar en crecimiento, Vidrios Millet es parte esencial de la reindustrializaci\u00f3n de Yucat\u00e1n; afirm\u00f3 el diputado fede<\/p>\n","protected":false},"author":1018,"featured_media":0,"comment_status":"open","ping_status":"open","sticky":false,"template":"","format":"standard","meta":{"tdm_status":"","tdm_grid_status":"","footnotes":""},"categories":[21],"tags":[],"_links":{"self":[{"href":"https:\/\/dralvarez.com.mx\/larevista\/wp-json\/wp\/v2\/posts\/59706"}],"collection":[{"href":"https:\/\/dralvarez.com.mx\/larevista\/wp-json\/wp\/v2\/posts"}],"about":[{"href":"https:\/\/dralvarez.com.mx\/larevista\/wp-json\/wp\/v2\/types\/post"}],"author":[{"embeddable":true,"href":"https:\/\/dralvarez.com.mx\/larevista\/wp-json\/wp\/v2\/users\/1018"}],"replies":[{"embeddable":true,"href":"https:\/\/dralvarez.com.mx\/larevista\/wp-json\/wp\/v2\/comments?post=59706"}],"version-history":[{"count":0,"href":"https:\/\/dralvarez.com.mx\/larevista\/wp-json\/wp\/v2\/posts\/59706\/revisions"}],"wp:attachment":[{"href":"https:\/\/dralvarez.com.mx\/larevista\/wp-json\/wp\/v2\/media?parent=59706"}],"wp:term":[{"taxonomy":"category","embeddable":true,"href":"https:\/\/dralvarez.com.mx\/larevista\/wp-json\/wp\/v2\/categories?post=59706"},{"taxonomy":"post_tag","embeddable":true,"href":"https:\/\/dralvarez.com.mx\/larevista\/wp-json\/wp\/v2\/tags?post=59706"}],"curies":[{"name":"wp","href":"https:\/\/api.w.org\/{rel}","templated":true}]}}