{"id":59696,"date":"2017-11-06T00:00:00","date_gmt":"2017-11-06T06:00:00","guid":{"rendered":"https:\/\/dralvarez.com.mx\/larevista\/blog\/frente-comun-contra-la-carencia-alimentaria-19318"},"modified":"2017-11-06T00:00:00","modified_gmt":"2017-11-06T06:00:00","slug":"frente-comun-contra-la-carencia-alimentaria-19318","status":"publish","type":"post","link":"https:\/\/dralvarez.com.mx\/larevista\/yucatan\/frente-comun-contra-la-carencia-alimentaria-19318","title":{"rendered":"Frente com\u00fan contra la carencia alimentaria"},"content":{"rendered":"<\/p>\n<p>Con la<br \/>\ncolaboraci\u00f3n de asociaciones, industrias del ramo alimentario y giros<br \/>\ncomerciales, la asociaci\u00f3n Banco de Alimentos (BAMX) re\u00fane al mes alrededor de<br \/>\n100 toneladas de v\u00edveres en el estado para beneficio de familias en condiciones<br \/>\nde carencia alimentaria.<\/p>\n<p>El titular<br \/>\nde la Secretar\u00eda de Desarrollo Social (Sedesol), Mauricio Sahu\u00ed Rivero, visit\u00f3<br \/>\nla sede de esa instituci\u00f3n en la capital yucateca como parte de la relaci\u00f3n<br \/>\ncercana que se mantiene con Organizaciones de la Sociedad Civil.<\/p>\n<p>Acompa\u00f1ado<br \/>\ndel presidente de la mesa directiva del BAMX de M\u00e9rida, Jos\u00e9 Trinidad Molina<br \/>\nCasares y de Levy Abraham Macari, integrante del organismo, el funcionario<br \/>\nestatal recorri\u00f3 las instalaciones y atestigu\u00f3 el entusiasmo que impera en el almac\u00e9n.<\/p>\n<p>Mensualmente<br \/>\nse beneficia a cerca de 12 mil personas y a un gran n\u00famero de instituciones que<br \/>\nreciben de manera semanal o quincenal un apoyo para su alimentaci\u00f3n que incluye<br \/>\nfrutas y verduras.<\/p>\n<p>\u201cEs muy<br \/>\ngrato ver de cerca el trabajo que realiza gente sensible que se da cuenta de<br \/>\nlos problemas que se viven, aportan su generosidad y tiempo para cumplir con<br \/>\nuna labor que coadyuva con las tareas de gobierno, en este caso, del combate a<br \/>\nlas carencias alimentarias\u201d, apunt\u00f3.<\/p>\n<p>Indic\u00f3 que<br \/>\npara el Gobierno que encabeza Rolando Zapata Bello es una prioridad ir de la<br \/>\nmano con la sociedad civil para  atender en equipo a los grupos m\u00e1s<br \/>\nvulnerables de la entidad yucateca.<\/p>\n<p>\u201cEl combate<br \/>\na la carencia alimentaria es un rengl\u00f3n que fortaleceremos este a\u00f1o con la<br \/>\nestrategia Mejorar, pero cuando conocemos de cerca las acciones que desarrolla<br \/>\nel Banco de Alimentos renovamos nuestro compromiso de no detener ning\u00fan<br \/>\nesfuerzo en favor de la nutrici\u00f3n de las familias yucatecas\u201d destac\u00f3.<\/p>\n<p>Por su<br \/>\nparte, Molina Casares explic\u00f3 que el BAMX es una red de m\u00e1s de 58 bancos de<br \/>\nalimentos, distribuidos en la rep\u00fablica mexicana, que buscan mejorar la<br \/>\nalimentaci\u00f3n de la poblaci\u00f3n vulnerable.<\/p>\n<p>Para<br \/>\nlograrlo trabajan organizadamente con empresas productoras de alimentos para<br \/>\nconsumo humano estableciendo convenios de donaci\u00f3n del producto no apto para<br \/>\nventa, para aprovecharlo en la alimentaci\u00f3n de familias con pobreza<br \/>\nalimentaria.<\/p>\n<p>Cabe<br \/>\nse\u00f1alar, que la instituci\u00f3n en Yucat\u00e1n contar\u00e1 en breve con un nuevo contenedor<br \/>\nm\u00e1s amplio y moderno para el acopio, almacenaje y distribuci\u00f3n de v\u00edveres que<br \/>\nse ubicar\u00e1 a un costado del Hospital de la Amistad Corea-M\u00e9xico, el cual<br \/>\nproyectar\u00e1 su universo de ayuda en la capital yucateca a 26 comunidades urbanas<br \/>\ny 13 rurales del interior del estado.<\/p><\/p>\n","protected":false},"excerpt":{"rendered":"<p>Destacan labor de empresarios que impulsan el Banco de Alimentos.<\/p>\n","protected":false},"author":1018,"featured_media":0,"comment_status":"open","ping_status":"open","sticky":false,"template":"","format":"standard","meta":{"tdm_status":"","tdm_grid_status":"","footnotes":""},"categories":[21],"tags":[],"_links":{"self":[{"href":"https:\/\/dralvarez.com.mx\/larevista\/wp-json\/wp\/v2\/posts\/59696"}],"collection":[{"href":"https:\/\/dralvarez.com.mx\/larevista\/wp-json\/wp\/v2\/posts"}],"about":[{"href":"https:\/\/dralvarez.com.mx\/larevista\/wp-json\/wp\/v2\/types\/post"}],"author":[{"embeddable":true,"href":"https:\/\/dralvarez.com.mx\/larevista\/wp-json\/wp\/v2\/users\/1018"}],"replies":[{"embeddable":true,"href":"https:\/\/dralvarez.com.mx\/larevista\/wp-json\/wp\/v2\/comments?post=59696"}],"version-history":[{"count":0,"href":"https:\/\/dralvarez.com.mx\/larevista\/wp-json\/wp\/v2\/posts\/59696\/revisions"}],"wp:attachment":[{"href":"https:\/\/dralvarez.com.mx\/larevista\/wp-json\/wp\/v2\/media?parent=59696"}],"wp:term":[{"taxonomy":"category","embeddable":true,"href":"https:\/\/dralvarez.com.mx\/larevista\/wp-json\/wp\/v2\/categories?post=59696"},{"taxonomy":"post_tag","embeddable":true,"href":"https:\/\/dralvarez.com.mx\/larevista\/wp-json\/wp\/v2\/tags?post=59696"}],"curies":[{"name":"wp","href":"https:\/\/api.w.org\/{rel}","templated":true}]}}