{"id":59684,"date":"2017-11-06T00:00:00","date_gmt":"2017-11-06T06:00:00","guid":{"rendered":"https:\/\/dralvarez.com.mx\/larevista\/blog\/mas-sociedad-civil-solidaria-19306"},"modified":"2017-11-06T00:00:00","modified_gmt":"2017-11-06T06:00:00","slug":"mas-sociedad-civil-solidaria-19306","status":"publish","type":"post","link":"https:\/\/dralvarez.com.mx\/larevista\/yucatan\/mas-sociedad-civil-solidaria-19306","title":{"rendered":"M\u00e1s sociedad civil solidaria"},"content":{"rendered":"<\/p>\n<p>El titular de la<br \/>\nSecretar\u00eda de Desarrollo Social (Sedesol), Mauricio Sahu\u00ed Rivero, entreg\u00f3 a<br \/>\nseis organizaciones de la sociedad civil sus respetivas actas constitutivas y<br \/>\ndestac\u00f3 el compromiso que tienen con la comunidad a trav\u00e9s de la atenci\u00f3n de<br \/>\ndiversos problemas p\u00fablicos.<\/p>\n<p>En el encuentro realizado<br \/>\nen la sala de juntas de la Sedesol, se\u00f1al\u00f3 que otorgar el documento legal que<br \/>\nlas reconoce como grupos establecidos para brindar apoyo solidario a diferentes<br \/>\ncausas marca el inicio legal de su funci\u00f3n, pero no el de su labor altruista<br \/>\nque efect\u00faan desde tiempo atr\u00e1s.<\/p>\n<p>\u201cLas actas que se entregan<br \/>\nmarcan el inicio legal como asociaci\u00f3n, m\u00e1s no el inicio real, porque estoy<br \/>\ncierto que llevan mucho tiempo de hacer un trabajo por los dem\u00e1s\u201d, manifest\u00f3.<\/p>\n<p>El funcionario estatal<br \/>\nindic\u00f3 que cada organismo representa a mujeres y hombres de gran val\u00eda con<br \/>\nresponsabilidad social que permite de manera altruista ayudar a quien m\u00e1s lo<br \/>\nnecesita.<\/p>\n<p>\u201cPor eso esperamos que en<br \/>\nla formalizaci\u00f3n de sus actividades nos ayuden a seguir fomentando algo que es<br \/>\nfundamental, su \u00e1nimo solidario, porque los yucatecos somos un pueblo que se<br \/>\ncaracteriza por su generosidad hacia los dem\u00e1s\u201d, manifest\u00f3.<\/p>\n<p>Tras recibir el documento<br \/>\nque avala a la asociaci\u00f3n \u201cIntegraci\u00f3n voluntaria\u201d a la cual representa,<br \/>\nHenry Arturo Escalante Castillo, explic\u00f3 que llevan tres a\u00f1os fomentando el<br \/>\nvoluntariado ayudando a personas con problemas de adicciones, dando pl\u00e1ticas<br \/>\ntanto a estudiantes como a los padres con hijos con estos problemas.<\/p>\n<p>\u201cMuchas veces nos<br \/>\nencontramos solos y es satisfactorio encontrar en el Gobierno del Estado a<br \/>\ntrav\u00e9s de la Sedesol personas que nos impulsen en este trabajo que estamos<br \/>\nhaciendo y que podamos seguir adelante\u201d, enfatiz\u00f3.<\/p>\n<p>Los otros organismos que<br \/>\nrecibieron sus actas son: la Asociaci\u00f3n de G\u00e9nero, Igualdad, Equidad, con<br \/>\nSustentabilidad; Patronato Arca de No\u00e9 representado; Igualdad con<br \/>\nPerspectiva;  Instituto de Vinculaci\u00f3n Arca de No\u00e9 y Reacci\u00f3n Social.<\/p>\n<p>Sahu\u00ed Rivero expuso que<br \/>\npara que Yucat\u00e1n mantenga su calidad de vida y seguridad es indispensable<br \/>\ncontar con ciudadanos solidarios.<\/p>\n<p>\u201cHoy en esta mesa donde<br \/>\nhay experiencia y ganas de salir adelante, podemos ilustrar lo que hoy en<br \/>\nYucat\u00e1n se est\u00e1 llevando a cabo, la voluntad de trabajar en conjunto para que<br \/>\nlas acciones que se emprenden a favor de los que m\u00e1s lo necesitan se<br \/>\nfortalezca\u201d, puntualiz\u00f3.<\/p><\/p>\n","protected":false},"excerpt":{"rendered":"<p>Reuni\u00f3n de Mauricio Sahu\u00ed con Organizaciones de la Sociedad Civil.<\/p>\n","protected":false},"author":1018,"featured_media":0,"comment_status":"open","ping_status":"open","sticky":false,"template":"","format":"standard","meta":{"tdm_status":"","tdm_grid_status":"","footnotes":""},"categories":[21],"tags":[],"_links":{"self":[{"href":"https:\/\/dralvarez.com.mx\/larevista\/wp-json\/wp\/v2\/posts\/59684"}],"collection":[{"href":"https:\/\/dralvarez.com.mx\/larevista\/wp-json\/wp\/v2\/posts"}],"about":[{"href":"https:\/\/dralvarez.com.mx\/larevista\/wp-json\/wp\/v2\/types\/post"}],"author":[{"embeddable":true,"href":"https:\/\/dralvarez.com.mx\/larevista\/wp-json\/wp\/v2\/users\/1018"}],"replies":[{"embeddable":true,"href":"https:\/\/dralvarez.com.mx\/larevista\/wp-json\/wp\/v2\/comments?post=59684"}],"version-history":[{"count":0,"href":"https:\/\/dralvarez.com.mx\/larevista\/wp-json\/wp\/v2\/posts\/59684\/revisions"}],"wp:attachment":[{"href":"https:\/\/dralvarez.com.mx\/larevista\/wp-json\/wp\/v2\/media?parent=59684"}],"wp:term":[{"taxonomy":"category","embeddable":true,"href":"https:\/\/dralvarez.com.mx\/larevista\/wp-json\/wp\/v2\/categories?post=59684"},{"taxonomy":"post_tag","embeddable":true,"href":"https:\/\/dralvarez.com.mx\/larevista\/wp-json\/wp\/v2\/tags?post=59684"}],"curies":[{"name":"wp","href":"https:\/\/api.w.org\/{rel}","templated":true}]}}