{"id":59682,"date":"2017-11-06T00:00:00","date_gmt":"2017-11-06T06:00:00","guid":{"rendered":"https:\/\/dralvarez.com.mx\/larevista\/blog\/iniciara-en-enero-proceso-de-edificacion-de-clinica-gestionada-por-pablo-gamboa-miner-19304"},"modified":"2017-11-06T00:00:00","modified_gmt":"2017-11-06T06:00:00","slug":"iniciara-en-enero-proceso-de-edificacion-de-clinica-gestionada-por-pablo-gamboa-miner-19304","status":"publish","type":"post","link":"https:\/\/dralvarez.com.mx\/larevista\/yucatan\/iniciara-en-enero-proceso-de-edificacion-de-clinica-gestionada-por-pablo-gamboa-miner-19304","title":{"rendered":"Iniciar\u00e1 en enero proceso de edificaci\u00f3n de cl\u00ednica gestionada por Pablo Gamboa Miner"},"content":{"rendered":"<\/p>\n<p>Dar\u00e1 inicio<br \/>\nel proceso de edificaci\u00f3n de la Unidad de Medicina Familiar (UMF) de Francisco<br \/>\nde Montejo, gestionada por el Diputado federal Pablo Gamboa Miner para<br \/>\nresponder al aumento en la demanda de los servicios de salud.<\/p>\n<p>As\u00ed lo dio a<br \/>\nconocer Patricio Caso Prado, titular de la direcci\u00f3n de administraci\u00f3n del<br \/>\nInstituto Mexicano del Seguro Social (IMSS), quien en gira de trabajo en M\u00e9rida<br \/>\njunto a Juan Manuel Navarrete Balam, jefe del departamento de construcci\u00f3n y<br \/>\nplaneaci\u00f3n inmobiliaria del Instituto, recorri\u00f3 el terreno en el que, antes de<br \/>\nfinalizar 2018, deber\u00e1 estar funcionando la cl\u00ednica.<\/p>\n<p>\u201cLa gesti\u00f3n<br \/>\ndel Diputado permitir\u00e1 que la atenci\u00f3n a los derechohabientes en Yucat\u00e1n y en<br \/>\nespec\u00edfico aqu\u00ed en M\u00e9rida est\u00e9 garantizada. Todo el proyecto se est\u00e1 llevando a<br \/>\nla realidad de manera tal que no se tengan atrasos en el proceso de<br \/>\nconstrucci\u00f3n\u201d, indic\u00f3.<\/p>\n<p>Acompa\u00f1ado<br \/>\ntambi\u00e9n por el delegado del IMSS en Yucat\u00e1n, Jorge M\u00e9ndez Vales, as\u00ed como por<br \/>\nel Legislador Pablo Gamboa y el diputado Francisco Torres Rivas, el Titular de<br \/>\nla direcci\u00f3n de administraci\u00f3n explic\u00f3, c\u00f3mo se echar\u00e1 a andar la obra.<\/p>\n<p>\u201cEn breve<br \/>\niniciar\u00e1 el procedimiento para  la contrataci\u00f3n de los servicios<br \/>\npreparatorios del terreno; la licitaci\u00f3n integral y en el primer bimestre del<br \/>\na\u00f1o pr\u00f3ximo arrancar\u00e1n los trabajos propiamente de construcci\u00f3n\u201d, agreg\u00f3 Caso<br \/>\nPrado.<\/p>\n<p>Adem\u00e1s<br \/>\nrecalc\u00f3 que fue fundamental la gesti\u00f3n de Gamboa Miner, para la aprobaci\u00f3n y<br \/>\nplaneaci\u00f3n de la unidad m\u00e9dica en el norponiente de M\u00e9rida; con la cual tambi\u00e9n<br \/>\nse responde al incremento de afiliaciones al Seguro Social.<\/p>\n<p>\u201cSeg\u00fan las<br \/>\nbases de datos del IMSS el empleo en Yucat\u00e1n crece a un ritmo del 4.1% que<br \/>\nderiva en un mayor n\u00famero de asegurados, por lo que la insistencia del Diputado<br \/>\npara la cl\u00ednica responde, de igual forma, a ese incremento en la demanda. Es de<br \/>\nreconocer la gesti\u00f3n del Legislador para que el terreno pudiera darse y que el<br \/>\nproyecto vaya transitando hacia buen t\u00e9rmino\u201d, destac\u00f3.<\/p>\n<p>Por \u00faltimo,<br \/>\nPablo Gamboa record\u00f3 que esta la cl\u00ednica generar\u00e1, de entrada, unos 120 empleos<br \/>\nque corresponden a profesionales de la salud y personal operativo que ser\u00e1<br \/>\nintegrado al IMSS.<\/p><\/p>\n","protected":false},"excerpt":{"rendered":"<p>Gesti\u00f3n del Diputado federal garantizar\u00e1 atenci\u00f3n a derechohabientes de Yucat\u00e1n, recalcan autoridades del IMSS.<\/p>\n","protected":false},"author":1018,"featured_media":0,"comment_status":"open","ping_status":"open","sticky":false,"template":"","format":"standard","meta":{"tdm_status":"","tdm_grid_status":"","footnotes":""},"categories":[21],"tags":[],"_links":{"self":[{"href":"https:\/\/dralvarez.com.mx\/larevista\/wp-json\/wp\/v2\/posts\/59682"}],"collection":[{"href":"https:\/\/dralvarez.com.mx\/larevista\/wp-json\/wp\/v2\/posts"}],"about":[{"href":"https:\/\/dralvarez.com.mx\/larevista\/wp-json\/wp\/v2\/types\/post"}],"author":[{"embeddable":true,"href":"https:\/\/dralvarez.com.mx\/larevista\/wp-json\/wp\/v2\/users\/1018"}],"replies":[{"embeddable":true,"href":"https:\/\/dralvarez.com.mx\/larevista\/wp-json\/wp\/v2\/comments?post=59682"}],"version-history":[{"count":0,"href":"https:\/\/dralvarez.com.mx\/larevista\/wp-json\/wp\/v2\/posts\/59682\/revisions"}],"wp:attachment":[{"href":"https:\/\/dralvarez.com.mx\/larevista\/wp-json\/wp\/v2\/media?parent=59682"}],"wp:term":[{"taxonomy":"category","embeddable":true,"href":"https:\/\/dralvarez.com.mx\/larevista\/wp-json\/wp\/v2\/categories?post=59682"},{"taxonomy":"post_tag","embeddable":true,"href":"https:\/\/dralvarez.com.mx\/larevista\/wp-json\/wp\/v2\/tags?post=59682"}],"curies":[{"name":"wp","href":"https:\/\/api.w.org\/{rel}","templated":true}]}}