{"id":59680,"date":"2017-11-06T00:00:00","date_gmt":"2017-11-06T06:00:00","guid":{"rendered":"https:\/\/dralvarez.com.mx\/larevista\/blog\/ofreceran-platica-informativa-sobre-zee-en-canaco-merida-19302"},"modified":"2017-11-06T00:00:00","modified_gmt":"2017-11-06T06:00:00","slug":"ofreceran-platica-informativa-sobre-zee-en-canaco-merida-19302","status":"publish","type":"post","link":"https:\/\/dralvarez.com.mx\/larevista\/yucatan\/ofreceran-platica-informativa-sobre-zee-en-canaco-merida-19302","title":{"rendered":"Ofrecer\u00e1n pl\u00e1tica informativa sobre ZEE en CANACO M\u00e9rida"},"content":{"rendered":"<\/p>\n<ul>\n<li><b><i>La impartir\u00e1 el secretario Ejecutivo<br \/>\nde la Autoridad Federal para el Desarrollo de las ZEE, Enrique Huesca Fern\u00e1ndez.<\/i><\/b><\/li>\n<li><b><i>Ser\u00e1 el pr\u00f3ximo 9 de noviembre a las<br \/>\n12 del d\u00eda.<\/i><\/b><\/li>\n<\/ul>\n<p><i><\/p>\n<p><\/i><\/p>\n<p>Para<br \/>\nconocer los retos y oportunidades de negocios que se tendr\u00e1n con la Zona<br \/>\nEcon\u00f3mica Especial (ZEE) que se instalar\u00e1 en el municipio de Progreso, la<br \/>\nC\u00e1mara Nacional de Comercio, Servicios y Turismo (CANACO SERVYTUR) de M\u00e9rida,<br \/>\nser\u00e1 sede de una pl\u00e1tica informativa el pr\u00f3ximo jueves 9 de noviembre a las 12<br \/>\ndel d\u00eda con autoridades federales del \u00e1rea.<\/p>\n<p>El presidente de la CANACO M\u00e9rida,<br \/>\nJuan Jos\u00e9 Abraham Daguer, se\u00f1al\u00f3 que los empresarios tendr\u00e1n la oportunidad de<br \/>\nconocer el proyecto y aclarar sus dudas por parte del secretario Ejecutivo de<br \/>\nla Autoridad Federal para el Desarrollo de las Zonas Econ\u00f3micas Especiales<br \/>\n(ZEE), Enrique Huesca Fern\u00e1ndez.<\/p>\n<p>La pl\u00e1tica est\u00e1 abierta a todos<br \/>\naquellos interesados en conocer los requisitos que se tendr\u00e1n que cubrir para<br \/>\ninstalar una empresa en la Zona Econ\u00f3mica Especial (ZEE), as\u00ed como los<br \/>\nbeneficios que se obtienen al estar ubicados dentro de esta zona. <\/p>\n<p>Tambi\u00e9n se dar\u00e1 informaci\u00f3n sobre el<br \/>\ntipo de empresas que podr\u00e1n establecerse en la Zona Econ\u00f3mica Especial (ZEE),<br \/>\nas\u00ed como la fecha aproximada en que se dar\u00e1 el decreto, el cual ser\u00e1 un dato<br \/>\nmuy importante para quienes tiene la intenci\u00f3n de ser parte de ese pol\u00edgono<br \/>\nindustrial.<\/p>\n<p>Abraham Daguer resalt\u00f3 que la pl\u00e1tica<br \/>\nestar\u00e1 abierta al p\u00fablico y el acceso es gratuito, pues el objetivo es que<br \/>\ntodos los empresarios tengan toda la informaci\u00f3n precisa en este tema, de<br \/>\nmanera directa por las personas encargadas en el desarrollo del proyecto.<\/p>\n<p>Por ello, consider\u00f3, ser\u00e1 una buena<br \/>\noportunidad para que los empresarios aclaren todas aquellas dudas que tengan<br \/>\nsobre los tiempos y el proceso de instalaci\u00f3n de la Zona Econ\u00f3mica Especial, la<br \/>\ncual es considerada como un importante proyecto que detonar\u00e1 un sector de<br \/>\nnegocios en la entidad.<\/p>\n<p>El presidente de CANACO M\u00e9rida asegur\u00f3<br \/>\nque la Zona Econ\u00f3mica Especial ser\u00e1 un importante detonante para que empresas<br \/>\nlocales, nacionales e internacionales lleguen a Yucat\u00e1n atra\u00eddos por las<br \/>\nfacilidades que se les brindar\u00e1 y por la infraestructura que se tiene, al igual<br \/>\nque ser\u00e1 un polo generador de empleo.<\/p><\/p>\n","protected":false},"excerpt":{"rendered":"<p>Ser\u00e1 el pr\u00f3ximo 9 de noviembre a las 12 del d\u00eda.<\/p>\n","protected":false},"author":1018,"featured_media":0,"comment_status":"open","ping_status":"open","sticky":false,"template":"","format":"standard","meta":{"tdm_status":"","tdm_grid_status":"","footnotes":""},"categories":[21],"tags":[],"_links":{"self":[{"href":"https:\/\/dralvarez.com.mx\/larevista\/wp-json\/wp\/v2\/posts\/59680"}],"collection":[{"href":"https:\/\/dralvarez.com.mx\/larevista\/wp-json\/wp\/v2\/posts"}],"about":[{"href":"https:\/\/dralvarez.com.mx\/larevista\/wp-json\/wp\/v2\/types\/post"}],"author":[{"embeddable":true,"href":"https:\/\/dralvarez.com.mx\/larevista\/wp-json\/wp\/v2\/users\/1018"}],"replies":[{"embeddable":true,"href":"https:\/\/dralvarez.com.mx\/larevista\/wp-json\/wp\/v2\/comments?post=59680"}],"version-history":[{"count":0,"href":"https:\/\/dralvarez.com.mx\/larevista\/wp-json\/wp\/v2\/posts\/59680\/revisions"}],"wp:attachment":[{"href":"https:\/\/dralvarez.com.mx\/larevista\/wp-json\/wp\/v2\/media?parent=59680"}],"wp:term":[{"taxonomy":"category","embeddable":true,"href":"https:\/\/dralvarez.com.mx\/larevista\/wp-json\/wp\/v2\/categories?post=59680"},{"taxonomy":"post_tag","embeddable":true,"href":"https:\/\/dralvarez.com.mx\/larevista\/wp-json\/wp\/v2\/tags?post=59680"}],"curies":[{"name":"wp","href":"https:\/\/api.w.org\/{rel}","templated":true}]}}