{"id":59676,"date":"2017-11-06T00:00:00","date_gmt":"2017-11-06T06:00:00","guid":{"rendered":"https:\/\/dralvarez.com.mx\/larevista\/blog\/liborio-vidal-se-sube-al-camion-19298"},"modified":"2017-11-06T00:00:00","modified_gmt":"2017-11-06T06:00:00","slug":"liborio-vidal-se-sube-al-camion-19298","status":"publish","type":"post","link":"https:\/\/dralvarez.com.mx\/larevista\/yucatan\/liborio-vidal-se-sube-al-camion-19298","title":{"rendered":"Liborio Vidal se sube al cami\u00f3n"},"content":{"rendered":"<\/p>\n<p>Liborio Vidal Aguilar tom\u00f3 el autob\u00fas de la ruta Pol\u00edgono 108, en el c\u00e1rcamo de la Japay, se baj\u00f3 en el centro sobre la calle 58, justo atr\u00e1s de la catedral, camino a los cruzamientos de la calle 58 con calle 59 y tom\u00f3 la ruta de Komch\u00e9n.<\/p>\n<p><b>\u00bfPor qu\u00e9 lo hizo?<\/b><\/p>\n<p>Las redes sociales se han convertido en un medio de di\u00e1logo entre los ciudadanos y Vidal Aguilar, en diversas ocasiones los ciudadanos le han planteado su preocupaci\u00f3n por las caracter\u00edsticas del servicio de transporte en M\u00e9rida.<\/p>\n<p>Entre los comentarios de los seguidores de su p\u00e1gina en Facebook se encuentran algunos sobre el estado en que se encuentran las unidades, la importancia de brindar capacitaci\u00f3n y generar conciencia social en los operadores, as\u00ed como una distribuci\u00f3n m\u00e1s eficiente de las rutas.<\/p>\n<p>El crecimiento de la capital del Estado en su extensi\u00f3n geogr\u00e1fica, n\u00famero de habitantes y de veh\u00edculos que circula, ha generado que haya personas que realizan recorridos de hasta dos horas para llegar a su destino y otras dos horas para regresar a sus hogares.<\/p>\n<p>En cuanto a la inversi\u00f3n diaria, una persona promedio que toma dos autobuses para llegar a su destino gasta en total 32 pesos, si trabaja de lunes a viernes, representa 160 pesos a la semana y 320 pesos a la quincena.<\/p>\n<p><b>\u00bfQu\u00e9 podemos hacer?<\/b><\/p>\n<p>Al finalizar su recorrido, Liborio Vidal coment\u00f3 que es importante brindar un servicio de calidad a los usuarios, cuidar factores medioambientales como las altas temperaturas, sobre todo entre las 12 del d\u00eda y las cuatro de la tarde, y los cambios de clima, que pueden incluir lluvia o descenso de las temperaturas.<\/p>\n<p>\u201cTenemos que reconocer que se ha hecho una importante labor para mejorar el sistema de transporte, pero tambi\u00e9n tenemos que escuchar a quienes todos los d\u00edas utilizan el cami\u00f3n para llegar a sus destinos. Empresarios del transporte, la sociedad civil, junto con las autoridades municipales y estatales tenemos la respuesta para tener un servicio digno y de calidad\u201d, se\u00f1al\u00f3.<\/p><\/p>\n","protected":false},"excerpt":{"rendered":"<p>Para conocer los retos del transporte, hay que subirse.<\/p>\n","protected":false},"author":1018,"featured_media":0,"comment_status":"open","ping_status":"open","sticky":false,"template":"","format":"standard","meta":{"tdm_status":"","tdm_grid_status":"","footnotes":""},"categories":[21],"tags":[],"_links":{"self":[{"href":"https:\/\/dralvarez.com.mx\/larevista\/wp-json\/wp\/v2\/posts\/59676"}],"collection":[{"href":"https:\/\/dralvarez.com.mx\/larevista\/wp-json\/wp\/v2\/posts"}],"about":[{"href":"https:\/\/dralvarez.com.mx\/larevista\/wp-json\/wp\/v2\/types\/post"}],"author":[{"embeddable":true,"href":"https:\/\/dralvarez.com.mx\/larevista\/wp-json\/wp\/v2\/users\/1018"}],"replies":[{"embeddable":true,"href":"https:\/\/dralvarez.com.mx\/larevista\/wp-json\/wp\/v2\/comments?post=59676"}],"version-history":[{"count":0,"href":"https:\/\/dralvarez.com.mx\/larevista\/wp-json\/wp\/v2\/posts\/59676\/revisions"}],"wp:attachment":[{"href":"https:\/\/dralvarez.com.mx\/larevista\/wp-json\/wp\/v2\/media?parent=59676"}],"wp:term":[{"taxonomy":"category","embeddable":true,"href":"https:\/\/dralvarez.com.mx\/larevista\/wp-json\/wp\/v2\/categories?post=59676"},{"taxonomy":"post_tag","embeddable":true,"href":"https:\/\/dralvarez.com.mx\/larevista\/wp-json\/wp\/v2\/tags?post=59676"}],"curies":[{"name":"wp","href":"https:\/\/api.w.org\/{rel}","templated":true}]}}