{"id":59675,"date":"2017-11-06T00:00:00","date_gmt":"2017-11-06T06:00:00","guid":{"rendered":"https:\/\/dralvarez.com.mx\/larevista\/blog\/apenas-concluyo-la-celebracion-del-dia-de-muertos-y-ya-inicio-la-venta-de-fin-de-ano-19297"},"modified":"2017-11-06T00:00:00","modified_gmt":"2017-11-06T06:00:00","slug":"apenas-concluyo-la-celebracion-del-dia-de-muertos-y-ya-inicio-la-venta-de-fin-de-ano-19297","status":"publish","type":"post","link":"https:\/\/dralvarez.com.mx\/larevista\/yucatan\/apenas-concluyo-la-celebracion-del-dia-de-muertos-y-ya-inicio-la-venta-de-fin-de-ano-19297","title":{"rendered":"Apenas concluy\u00f3 la celebraci\u00f3n del D\u00eda de Muertos y ya inici\u00f3 la venta de fin de a\u00f1o."},"content":{"rendered":"<\/p>\n<p>M\u00e9rida, Yucat\u00e1n; 5 de noviembre de 2017 (ACOM).- Comercios del centro de M\u00e9rida ya ofertan varios art\u00edculos alusivos a la Navidad, faltando un mes para la fecha, aunque cuando apenas concluy\u00f3 el D\u00eda de Muertos.<u><\/u><u><\/u><\/p>\n<p>En un recorrido, se constat\u00f3 que establecimientos ubicados sobre la calle 65 por 56, en la conocida calle ancha del bazar, ya ofertan \u00e1rboles de navidad, luces, esferas, corona y otros art\u00edculos relacionados con la \u00e9poca navide\u00f1a.<u><\/u><u><\/u><\/p>\n<p>De hecho, esta misma situaci\u00f3n se ha apreciado en varios centros comerciales y supermercados de la urbe, en los que los adornos navide\u00f1os acompa\u00f1aron a los disfraces y m\u00e1scaras de Halloween, aunque ahora ya ocupan la mayor parte de los anaqueles.<u><\/u><u><\/u><\/p>\n<p>En el caso de los comercios del centro de M\u00e9rida, varios ofrecen sistemas de apartado para adornos, por lo que las personas tienen &#8220;opciones&#8221; para decorar su vivienda.<u><\/u><u><\/u><\/p>\n<p>Se observ\u00f3 a varias personas cotizar y comparar precios principalmente en \u00e1rboles de navidad, uno de los art\u00edculos m\u00e1s solicitados en la \u00e9poca que comenzar\u00e1 a hacer m\u00e1s notoria hacia finales de noviembre.<\/p><\/p>\n","protected":false},"excerpt":{"rendered":"<p>Comercios del centro de M\u00e9rida ya ofertan varios art\u00edculos alusivos a la Navidad, faltando un mes para la fecha, aunque cuando apenas concluy\u00f3 el D\u00eda<\/p>\n","protected":false},"author":1018,"featured_media":0,"comment_status":"open","ping_status":"open","sticky":false,"template":"","format":"standard","meta":{"tdm_status":"","tdm_grid_status":"","footnotes":""},"categories":[21],"tags":[],"_links":{"self":[{"href":"https:\/\/dralvarez.com.mx\/larevista\/wp-json\/wp\/v2\/posts\/59675"}],"collection":[{"href":"https:\/\/dralvarez.com.mx\/larevista\/wp-json\/wp\/v2\/posts"}],"about":[{"href":"https:\/\/dralvarez.com.mx\/larevista\/wp-json\/wp\/v2\/types\/post"}],"author":[{"embeddable":true,"href":"https:\/\/dralvarez.com.mx\/larevista\/wp-json\/wp\/v2\/users\/1018"}],"replies":[{"embeddable":true,"href":"https:\/\/dralvarez.com.mx\/larevista\/wp-json\/wp\/v2\/comments?post=59675"}],"version-history":[{"count":0,"href":"https:\/\/dralvarez.com.mx\/larevista\/wp-json\/wp\/v2\/posts\/59675\/revisions"}],"wp:attachment":[{"href":"https:\/\/dralvarez.com.mx\/larevista\/wp-json\/wp\/v2\/media?parent=59675"}],"wp:term":[{"taxonomy":"category","embeddable":true,"href":"https:\/\/dralvarez.com.mx\/larevista\/wp-json\/wp\/v2\/categories?post=59675"},{"taxonomy":"post_tag","embeddable":true,"href":"https:\/\/dralvarez.com.mx\/larevista\/wp-json\/wp\/v2\/tags?post=59675"}],"curies":[{"name":"wp","href":"https:\/\/api.w.org\/{rel}","templated":true}]}}