{"id":59669,"date":"2017-11-06T00:00:00","date_gmt":"2017-11-06T06:00:00","guid":{"rendered":"https:\/\/dralvarez.com.mx\/larevista\/blog\/que-parteras-y-comadronas-sean-parte-del-sistema-publico-de-salud-rosa-adriana-19291"},"modified":"2017-11-06T00:00:00","modified_gmt":"2017-11-06T06:00:00","slug":"que-parteras-y-comadronas-sean-parte-del-sistema-publico-de-salud-rosa-adriana-19291","status":"publish","type":"post","link":"https:\/\/dralvarez.com.mx\/larevista\/yucatan\/que-parteras-y-comadronas-sean-parte-del-sistema-publico-de-salud-rosa-adriana-19291","title":{"rendered":"Que parteras y comadronas sean parte del sistema p\u00fablico de salud: Rosa Adriana"},"content":{"rendered":"<\/p>\n<div>La senadora&nbsp;Rosa Adriana D\u00edaz Lizama llam\u00f3 al gobierno federal a promover que las parteras y comadronas sean parte del sistema p\u00fablico de salud, en especial en las comunidades donde existen importantes barreras para tener acceso a los servicios sanitarios formales.<\/div>\n<div><\/div>\n<div>\u2014En M\u00e9xico tenemos alrededor de 15 mil parteras tradicionales.<\/div>\n<div>&nbsp;Sin embargo, en todo el sistema de salud federal s\u00f3lo hay 23 comadronas contratadas, distribuidas en hospitales de Guerrero, Veracruz, San Luis Potos\u00ed, Puebla y Tabasco \u2014explic\u00f3 la secretaria de la Mesa Directiva del Senado.<\/div>\n<div><\/div>\n<div>\u2014De hecho \u2014a\u00f1adi\u00f3\u2014, es tan lento el registro oficial de parteras profesionales que apenas 78 han completado ese requisito<\/div>\n<div>&nbsp;en M\u00e9xico.<\/div>\n<div><\/div>\n<div>De acuerdo con la representante por Yucat\u00e1n, &#8220;una partera, o una comadrona, como le conocemos nosotros, o incluso una enfermera obst\u00e9trica, bien calificada puede acompa\u00f1ar, orientar y atender a una madre durante su embarazo, parto y posparto desde una perspectiva humana, segura e \u00edntima&#8221;.<\/div>\n<div><\/div>\n<div>La legisladora federal record\u00f3 que en muchas comunidades no existen servicios de salud formales o se encuentran saturados, que el pa\u00eds tiene un elevado \u00edndice de muerte materna y que se ubica en cuarto lugar en todo el mundo en ces\u00e1reas.<\/div>\n<div><\/div>\n<div>\u2014En este contexto, las comadronas que cuenten con la educaci\u00f3n y la reglamentaci\u00f3n adecuadas pueden proporcionar servicios esenciales para el beb\u00e9 y la madre \u2014reiter\u00f3.<\/div>\n<div><\/div>\n<div>\u2014Adem\u00e1s, la pr\u00e1ctica de la parter\u00eda es una de las opciones m\u00e1s importantes para la reducci\u00f3n en el n\u00famero de las ces\u00e1reas.<\/div>\n<div>&nbsp;En M\u00e9xico, el 50% de todos los partos es por ces\u00e1rea, pero la recomendaci\u00f3n de la Organizaci\u00f3n Mundial de la Salud es tener una tasa de 10 a 15% de ces\u00e1reas.<\/div>\n<div><\/div>\n<div>\u2014Por ello, para aprovechar la experiencia de las parteras, cuya oficio muchas veces pasa de generaci\u00f3n en generaci\u00f3n, hay que corregir todas las complejidades profesionales, legales, administrativas y de percepci\u00f3n p\u00fablica para el ejercicio de la parter\u00eda.<\/div>\n<div><\/div>\n<div>\u2014Hay una falta de claridad en el marco jur\u00eddico respecto a la acreditaci\u00f3n y capacitaci\u00f3n de nuestras parteras y hay una falta de reconocimiento institucional a la parter\u00eda tradicional<\/div>\n<div><\/div>\n<div>, que deben ser resueltos.<\/div>\n<div><\/div>\n<div>\u2014Lamentablemente, el Programa de Acci\u00f3n Espec\u00edfico de Salud Materna y Perinatal ni siquiera hace menci\u00f3n de la parter\u00eda ni de la necesidad de incluir personal de nivel medio y capacitado como estrategia para reducir la muerte materna en el pa\u00eds.<\/div>\n<div><\/div>\n<div>\u2014Existe un proyecto de revisi\u00f3n de la NOM 007, el cual hace referencia a la importancia de la parter\u00eda en la atenci\u00f3n de las mujeres embarazadas y los reci\u00e9n nacidos, pero el proyecto se encuentra detenido.<\/div>\n<div><\/div>\n<div>En ese sentido, Rosa Adriana D\u00edaz llam\u00f3 al gobierno federal y a la Secretar\u00eda de Salud, en particular, que genere una propuesta para el Presupuesto Federal 2018 con respecto a las parteras.<\/div><\/p>\n","protected":false},"excerpt":{"rendered":"<p>Que parteras y comadronas sean parte del sistema p\u00fablico de salud: Rosa Adriana D\u00edaz Lizama.<\/p>\n","protected":false},"author":1018,"featured_media":0,"comment_status":"open","ping_status":"open","sticky":false,"template":"","format":"standard","meta":{"tdm_status":"","tdm_grid_status":"","footnotes":""},"categories":[21],"tags":[],"_links":{"self":[{"href":"https:\/\/dralvarez.com.mx\/larevista\/wp-json\/wp\/v2\/posts\/59669"}],"collection":[{"href":"https:\/\/dralvarez.com.mx\/larevista\/wp-json\/wp\/v2\/posts"}],"about":[{"href":"https:\/\/dralvarez.com.mx\/larevista\/wp-json\/wp\/v2\/types\/post"}],"author":[{"embeddable":true,"href":"https:\/\/dralvarez.com.mx\/larevista\/wp-json\/wp\/v2\/users\/1018"}],"replies":[{"embeddable":true,"href":"https:\/\/dralvarez.com.mx\/larevista\/wp-json\/wp\/v2\/comments?post=59669"}],"version-history":[{"count":0,"href":"https:\/\/dralvarez.com.mx\/larevista\/wp-json\/wp\/v2\/posts\/59669\/revisions"}],"wp:attachment":[{"href":"https:\/\/dralvarez.com.mx\/larevista\/wp-json\/wp\/v2\/media?parent=59669"}],"wp:term":[{"taxonomy":"category","embeddable":true,"href":"https:\/\/dralvarez.com.mx\/larevista\/wp-json\/wp\/v2\/categories?post=59669"},{"taxonomy":"post_tag","embeddable":true,"href":"https:\/\/dralvarez.com.mx\/larevista\/wp-json\/wp\/v2\/tags?post=59669"}],"curies":[{"name":"wp","href":"https:\/\/api.w.org\/{rel}","templated":true}]}}