{"id":59661,"date":"2017-11-06T00:00:00","date_gmt":"2017-11-06T06:00:00","guid":{"rendered":"https:\/\/dralvarez.com.mx\/larevista\/blog\/coordinacion-camino-eficaz-para-preservar-la-seguridad-19283"},"modified":"2017-11-06T00:00:00","modified_gmt":"2017-11-06T06:00:00","slug":"coordinacion-camino-eficaz-para-preservar-la-seguridad-19283","status":"publish","type":"post","link":"https:\/\/dralvarez.com.mx\/larevista\/yucatan\/coordinacion-camino-eficaz-para-preservar-la-seguridad-19283","title":{"rendered":"Coordinaci\u00f3n, camino eficaz para preservar la seguridad"},"content":{"rendered":"<\/p>\n<p>Como parte de la estrategia para garantizar la paz social en la regi\u00f3n, autoridades estatales y federales comenzaron a trabajar desde Yucat\u00e1n en un plan operativo de coordinaci\u00f3n entre las instancias del ramo, que permita mantener mejores pr\u00e1cticas de cooperaci\u00f3n y se convierta en un modelo que pueda replicarse en diferentes zonas del pa\u00eds.<u><\/u><u><\/u><\/p>\n<p>En el marco de la Primera Reuni\u00f3n Plenaria de Seguridad Peninsular, encabezada por el Gobernador Rolando Zapata Bello y el comisionado General de la Polic\u00eda Federal (PF), Manelich Castilla Craviotto, representantes de Quintana Roo, Tabasco, Campeche y Yucat\u00e1n empezaron a dar forma a dicho esquema, que funcionar\u00e1 de manera inmediata con acciones que van desde el intercambio de informaci\u00f3n y objetivos estrat\u00e9gicos a nivel estatal, en el que la federaci\u00f3n tambi\u00e9n pueda colaborar. <u><\/u><u><\/u><\/p>\n<p>Durante su mensaje, el titular del Poder Ejecutivo dijo que uno de los mayores retos es que la paz sea una constante en los respectivos territorios, en el contexto de que el ciudadano sienta que cualquier acto il\u00edcito ser\u00e1 identificado, perseguido, pero tambi\u00e9n sometido al imperio de la ley. <u><\/u><u><\/u><\/p>\n<p>\u201cEn ese sentido la importancia de la coordinaci\u00f3n que se da aqu\u00ed con los \u00f3rganos encargados de la procuraci\u00f3n de justicia, de igual manera es una necesidad muy importante\u201d, subray\u00f3 ante el secretario General de Gobierno, Roberto Rodr\u00edguez Asaf, y el fiscal General del Estado, Ariel Aldecua Kuk.<u><\/u><u><\/u><\/p>\n<p>Al recordar que, desde la primera sesi\u00f3n del Consejo Nacional de Seguridad P\u00fablica, se defini\u00f3 que ser\u00eda una relaci\u00f3n estrecha y la suma de esfuerzos entre todas las instituciones vinculadas con la seguridad p\u00fablica con las fuerzas polic\u00edacas la columna sobre la que se asentar\u00eda toda estrategia de ese \u00e1mbito en nuestro pa\u00eds, Zapata Bello resalt\u00f3 lo fundamental de la prevenci\u00f3n, esencial para que existan condiciones para un ambiente de tranquilidad y, por supuesto, para la participaci\u00f3n ciudadana.<u><\/u><u><\/u><\/p>\n<p>\u201cUn gran ejercicio de comunicaci\u00f3n con toda la sociedad para que sepa qu\u00e9 se est\u00e1 haciendo, por qu\u00e9 se est\u00e1 haciendo. Para que la sociedad se sienta fortalecida al ver que todos los \u00f3rganos est\u00e1n trabajando en plena coordinaci\u00f3n y fundamentalmente que se dan los resultados que permiten garantizar la seguridad de los ciudadanos\u201d, acot\u00f3.<u><\/u><u><\/u><\/p>\n<p>Ante el titular de la PF en el estado, Julio C\u00e9sar Mart\u00ednez Arredondo, y el secretario de Seguridad P\u00fablica, Luis Felipe Said\u00e9n Ojeda, el mandatario reconoci\u00f3 la trascendencia que ha tenido la suma de esfuerzos para afrontar los retos que ha tra\u00eddo consigo la implementaci\u00f3n del nuevo Sistema de Justicia Penal, ya que son diferentes \u00f3rganos que de una u otra manera participan en la aportaci\u00f3n de elementos e integraci\u00f3n de carpetas.<u><\/u><u><\/u><\/p>\n<p>En su turno, Castilla Craviotto enfatiz\u00f3 que en este primer esfuerzo se plantear\u00e1n responsabilidades, metas y objetivos entre la PF y la Procuradur\u00eda General de la Rep\u00fablica (PGR), que se alinear\u00e1n a los aportes de los cuatro estados que conforman la regi\u00f3n, para reconocer preocupaciones y buscar soluciones.<u><\/u><u><\/u><\/p>\n<p>\u201cEl camino eficaz para la seguridad es la coordinaci\u00f3n en nuestro pa\u00eds, por eso el mensaje es claro, no vamos a detenernos en nuestro af\u00e1n de buscar mejores pr\u00e1cticas para llevar la tranquilidad y la paz que los mexicanos est\u00e1n exigiendo\u201d, asever\u00f3 ante el secretario de Seguridad P\u00fablica y el fiscal General de Quinta Roo, Rodolfo del \u00c1ngel Campos, y Miguel \u00c1ngel Pech Cen, respectivamente.<u><\/u><u><\/u><\/p>\n<p>Ante el fiscal General de Campeche, Juan Manuel Herrera Campos, el comisionado General de la PF destac\u00f3 este primer esfuerzo que se hace en Yucat\u00e1n, un estado seguro y reconocido por sus grandes logros, que adem\u00e1s es un referente de mejores pr\u00e1cticas en materia de seguridad y participaci\u00f3n ciudadana.<\/p><\/p>\n","protected":false},"excerpt":{"rendered":"<p>Las autoridades de la pen\u00ednsula de Yucat\u00e1n y Tabasco trabajan por mantener la tranquilidad y paz.<\/p>\n","protected":false},"author":1018,"featured_media":0,"comment_status":"open","ping_status":"open","sticky":false,"template":"","format":"standard","meta":{"tdm_status":"","tdm_grid_status":"","footnotes":""},"categories":[21],"tags":[],"_links":{"self":[{"href":"https:\/\/dralvarez.com.mx\/larevista\/wp-json\/wp\/v2\/posts\/59661"}],"collection":[{"href":"https:\/\/dralvarez.com.mx\/larevista\/wp-json\/wp\/v2\/posts"}],"about":[{"href":"https:\/\/dralvarez.com.mx\/larevista\/wp-json\/wp\/v2\/types\/post"}],"author":[{"embeddable":true,"href":"https:\/\/dralvarez.com.mx\/larevista\/wp-json\/wp\/v2\/users\/1018"}],"replies":[{"embeddable":true,"href":"https:\/\/dralvarez.com.mx\/larevista\/wp-json\/wp\/v2\/comments?post=59661"}],"version-history":[{"count":0,"href":"https:\/\/dralvarez.com.mx\/larevista\/wp-json\/wp\/v2\/posts\/59661\/revisions"}],"wp:attachment":[{"href":"https:\/\/dralvarez.com.mx\/larevista\/wp-json\/wp\/v2\/media?parent=59661"}],"wp:term":[{"taxonomy":"category","embeddable":true,"href":"https:\/\/dralvarez.com.mx\/larevista\/wp-json\/wp\/v2\/categories?post=59661"},{"taxonomy":"post_tag","embeddable":true,"href":"https:\/\/dralvarez.com.mx\/larevista\/wp-json\/wp\/v2\/tags?post=59661"}],"curies":[{"name":"wp","href":"https:\/\/api.w.org\/{rel}","templated":true}]}}