{"id":59660,"date":"2017-11-06T00:00:00","date_gmt":"2017-11-06T06:00:00","guid":{"rendered":"https:\/\/dralvarez.com.mx\/larevista\/blog\/gobernador-amc-concreta-con-google-mexico-proyecto-de-educacion-digital-19282"},"modified":"2017-11-06T00:00:00","modified_gmt":"2017-11-06T06:00:00","slug":"gobernador-amc-concreta-con-google-mexico-proyecto-de-educacion-digital-19282","status":"publish","type":"post","link":"https:\/\/dralvarez.com.mx\/larevista\/compeche\/gobernador-amc-concreta-con-google-mexico-proyecto-de-educacion-digital-19282","title":{"rendered":"Gobernador AMC concreta con Google M\u00e9xico proyecto de educaci\u00f3n digital"},"content":{"rendered":"<p><b>CIUDAD DE M\u00c9XICO.-<\/b> Para afinar detalles del pr\u00f3ximo lanzamiento en Campeche de un programa de conectividad y educaci\u00f3n digital, el primero a nivel Latinoam\u00e9rica, el gobernador Alejandro Moreno C\u00e1rdenas sostuvo una reuni\u00f3n de trabajo con directivos de Google M\u00e9xico.<\/p>\n<p>En el encuentro, en el que estuvo acompa\u00f1ado del secretario de Educaci\u00f3n, Ricardo Medina Farf\u00e1n, el jefe del Ejecutivo estatal refrend\u00f3 su compromiso de impulsar el desarrollo y la inclusi\u00f3n educativa vigorizando las pol\u00edticas p\u00fablicas con nuevas alianzas.<\/p>\n<p>Destac\u00f3 que el programa de conectividad que de forma coordinada llevar\u00e1 a cabo el Gobierno de Campeche y Google for Education, dar\u00e1 mayores oportunidades de preparaci\u00f3n a los ni\u00f1os y j\u00f3venes de todo el estado.<\/p>\n<p>\u201cLa educaci\u00f3n es primordial para mi gobierno, por lo que todos los enlaces y las acciones para fortalecer al sector son indispensables\u201d, remarc\u00f3.<\/p>\n<p>El mandatario se reuni\u00f3 y recorri\u00f3 el edificio sede de Google M\u00e9xico con la directora de Pol\u00edticas P\u00fablicas y Relaciones con Gobierno para M\u00e9xico, Centroam\u00e9rica y El Caribe, Lina Ornelas; la encargada de Pol\u00edticas Educativas, Jimena Garc\u00eda y el consultor de negocios, Ignacio Hurtado.<\/p>\n","protected":false},"excerpt":{"rendered":"<p>Para afinar detalles del pr\u00f3ximo lanzamiento en Campeche de un programa de conectividad y educaci\u00f3n digital, el primero a nivel Latinoam\u00e9rica, el gobe<\/p>\n","protected":false},"author":1018,"featured_media":0,"comment_status":"open","ping_status":"open","sticky":false,"template":"","format":"standard","meta":{"tdm_status":"","tdm_grid_status":"","footnotes":""},"categories":[27],"tags":[],"_links":{"self":[{"href":"https:\/\/dralvarez.com.mx\/larevista\/wp-json\/wp\/v2\/posts\/59660"}],"collection":[{"href":"https:\/\/dralvarez.com.mx\/larevista\/wp-json\/wp\/v2\/posts"}],"about":[{"href":"https:\/\/dralvarez.com.mx\/larevista\/wp-json\/wp\/v2\/types\/post"}],"author":[{"embeddable":true,"href":"https:\/\/dralvarez.com.mx\/larevista\/wp-json\/wp\/v2\/users\/1018"}],"replies":[{"embeddable":true,"href":"https:\/\/dralvarez.com.mx\/larevista\/wp-json\/wp\/v2\/comments?post=59660"}],"version-history":[{"count":0,"href":"https:\/\/dralvarez.com.mx\/larevista\/wp-json\/wp\/v2\/posts\/59660\/revisions"}],"wp:attachment":[{"href":"https:\/\/dralvarez.com.mx\/larevista\/wp-json\/wp\/v2\/media?parent=59660"}],"wp:term":[{"taxonomy":"category","embeddable":true,"href":"https:\/\/dralvarez.com.mx\/larevista\/wp-json\/wp\/v2\/categories?post=59660"},{"taxonomy":"post_tag","embeddable":true,"href":"https:\/\/dralvarez.com.mx\/larevista\/wp-json\/wp\/v2\/tags?post=59660"}],"curies":[{"name":"wp","href":"https:\/\/api.w.org\/{rel}","templated":true}]}}