{"id":59650,"date":"2017-11-03T00:00:00","date_gmt":"2017-11-03T06:00:00","guid":{"rendered":"https:\/\/dralvarez.com.mx\/larevista\/blog\/presidenta-del-dif-estatal-rinde-su-2o-informe-de-actividades-19272"},"modified":"2017-11-03T00:00:00","modified_gmt":"2017-11-03T06:00:00","slug":"presidenta-del-dif-estatal-rinde-su-2o-informe-de-actividades-19272","status":"publish","type":"post","link":"https:\/\/dralvarez.com.mx\/larevista\/compeche\/presidenta-del-dif-estatal-rinde-su-2o-informe-de-actividades-19272","title":{"rendered":"Presidenta del DIF-Estatal rinde su 2\u00ba Informe de Actividades"},"content":{"rendered":"<p><\/p>\n<p>El gobernador Alejandro Moreno C\u00e1rdenas, acompa\u00f1ado de sus hijos Rafael y Sebasti\u00e1n, asisti\u00f3 al Segundo Informe de Actividades de su esposa Christelle Casta\u00f1\u00f3n de Moreno, presidenta del Patronato del Sistema Estatal para el Desarrollo Integral de la Familia (DIF).<br \/>Ante la directora general del Sistema Nacional DIF, Laura Barrera Fortoul, representante de la presidenta del Consejo Consultivo Ciudadano, Ang\u00e9lica Rivera de Pe\u00f1a, Casta\u00f1\u00f3n de Moreno anunci\u00f3 la construcci\u00f3n, equipamiento y ampliaci\u00f3n de siete proyectos de beneficio social en los que se invertir\u00e1n recursos por m\u00e1s de 38 millones 400 mil pesos.<br \/>Las obras corresponden a la edificaci\u00f3n del Centro Convive; construcci\u00f3n y equipamiento del Centro de Desarrollo Familiar Comunitario de la unidad habitacional \u201cSiglo XXI\u201d; conversi\u00f3n del balneario de Lerma a \u201cplaya inclusiva\u201d; construcci\u00f3n de los parques infantiles inclusivos \u201cJuguemos todos\u201d en los municipios de Esc\u00e1rcega, Champot\u00f3n y Calkin\u00ed; primera y segunda etapa del Centro de Desarrollo Humano Integral y del Centro de Regularizaci\u00f3n Infantil \u201cEsperanza que crece\u201d; ampliaci\u00f3n del Centro de Desarrollo Comunitario \u201cVicente Guerrero\u201d, y rehabilitaci\u00f3n y construcci\u00f3n de los CDC de las colonias Ampliaci\u00f3n Polvor\u00edn, Granjas, Sascalum y Esperanza.<br \/>En el teatro de la ciudad \u201cFrancisco de Paula Toro\u201d, lugar donde se llev\u00f3 a cabo el informe, estuvieron presentes el secretario general de Gobierno, Carlos Miguel Aysa Gonz\u00e1lez; los titulares de los poderes Legislativo y Judicial, Ram\u00f3n M\u00e9ndez Lanz y Miguel \u00c1ngel Chuc L\u00f3pez, respectivamente; el jefe de la Oficina del Gobernador, Claudio Cetina G\u00f3mez, y la directora del DIF Estatal, Silvia Parrao Arceo.<\/p>\n<p>Tenemos el \u201cchip\u201d de seguir siendo el estado m\u00e1s seguro<\/p>\n<p>Por su parte, Claudio Cetina G\u00f3mez, jefe de la Oficina del Gobernador, asegur\u00f3 que desde el Instituto Superior de Estudios en Seguridad P\u00fablica se han fortalecido las estrategias de capacitaci\u00f3n profesional de las mujeres y los hombres que tienen el chip de seguir haciendo de Campeche el lugar m\u00e1s seguro del pa\u00eds.<br \/>Coment\u00f3 que desde la Oficina del Gobernador se trabaja para darle seguimiento al compromiso que hizo Alejandro Moreno de profesionalizar a los polic\u00edas para que Campeche siga siendo un estado seguro. <br \/>En recorrido por las instalaciones de la academia de polic\u00eda, ratific\u00f3 el compromiso de la actual administraci\u00f3n estatal por garantizar la tranquilidad de las familias campechanas. <br \/>\u201cLa seguridad es uno de los temas principales en la agenda del gobernador, pues el ambiente de paz y armon\u00eda representa una de las mayores fortalezas del pueblo campechano y tambi\u00e9n es un activo para atraer turismo e inversiones\u201d, apunt\u00f3 durante la charla que sostuvo con el agente e instructor Virgilio Santos Gonz\u00e1lez. <br \/>Claudio Cetina, expres\u00f3 su reconocimiento a Santos Gonz\u00e1lez por trabajar de forma comprometida en la formaci\u00f3n profesional de los nuevos polic\u00edas. \u201cNos estamos preparando mejor para seguir siendo ejemplo. Eso es cambiar el chip\u201d, agreg\u00f3. <br \/>El instructor coment\u00f3 que actualmente est\u00e1n en proceso de formaci\u00f3n 68 cadetes, y explic\u00f3 que el curso policial tiene como base la disciplina, la decisi\u00f3n y el valor, e incluye aspectos te\u00f3ricos y pr\u00e1cticos, as\u00ed como evaluaciones f\u00edsicas, psicol\u00f3gicas y m\u00e9dicas. <br \/>\u201cGente como t\u00fa le a\u00f1ade valor al Equipo Campeche que le est\u00e1 cambiando el chip al estado, ya que con tu trabajo pronto tendremos a m\u00e1s elementos cuidando a los campechanos\u201d,  dijo finalmente Claudio Cetina.<br \/>Paseo del Mes de la Campechanidad<br \/>De igual forma, Cetina G\u00f3mez, presenci\u00f3 el Paseo del Mes de la Campechanidad realizado para conmemorar la fundaci\u00f3n de la ciudad de San Francisco de Campeche, donde cientos de alumnos, maestros y personal de educaci\u00f3n que le est\u00e1n cambiando el chip al estado, participaron ataviados con el traje t\u00edpico de la entidad  o caracterizando a ind\u00edgenas de la regi\u00f3n o piratas espa\u00f1oles.<\/p>\n","protected":false},"excerpt":{"rendered":"<p>GOBIERNO DE CAMPECHE<\/p>\n","protected":false},"author":1018,"featured_media":0,"comment_status":"open","ping_status":"open","sticky":false,"template":"","format":"standard","meta":{"tdm_status":"","tdm_grid_status":"","footnotes":""},"categories":[27],"tags":[],"_links":{"self":[{"href":"https:\/\/dralvarez.com.mx\/larevista\/wp-json\/wp\/v2\/posts\/59650"}],"collection":[{"href":"https:\/\/dralvarez.com.mx\/larevista\/wp-json\/wp\/v2\/posts"}],"about":[{"href":"https:\/\/dralvarez.com.mx\/larevista\/wp-json\/wp\/v2\/types\/post"}],"author":[{"embeddable":true,"href":"https:\/\/dralvarez.com.mx\/larevista\/wp-json\/wp\/v2\/users\/1018"}],"replies":[{"embeddable":true,"href":"https:\/\/dralvarez.com.mx\/larevista\/wp-json\/wp\/v2\/comments?post=59650"}],"version-history":[{"count":0,"href":"https:\/\/dralvarez.com.mx\/larevista\/wp-json\/wp\/v2\/posts\/59650\/revisions"}],"wp:attachment":[{"href":"https:\/\/dralvarez.com.mx\/larevista\/wp-json\/wp\/v2\/media?parent=59650"}],"wp:term":[{"taxonomy":"category","embeddable":true,"href":"https:\/\/dralvarez.com.mx\/larevista\/wp-json\/wp\/v2\/categories?post=59650"},{"taxonomy":"post_tag","embeddable":true,"href":"https:\/\/dralvarez.com.mx\/larevista\/wp-json\/wp\/v2\/tags?post=59650"}],"curies":[{"name":"wp","href":"https:\/\/api.w.org\/{rel}","templated":true}]}}