{"id":59649,"date":"2017-11-03T00:00:00","date_gmt":"2017-11-03T06:00:00","guid":{"rendered":"https:\/\/dralvarez.com.mx\/larevista\/blog\/el-paseo-de-las-animas-tradicion-que-perdura-19271"},"modified":"2017-11-03T00:00:00","modified_gmt":"2017-11-03T06:00:00","slug":"el-paseo-de-las-animas-tradicion-que-perdura-19271","status":"publish","type":"post","link":"https:\/\/dralvarez.com.mx\/larevista\/yucatan\/el-paseo-de-las-animas-tradicion-que-perdura-19271","title":{"rendered":"El Paseo de las \u00c1nimas, tradici\u00f3n que perdura"},"content":{"rendered":"<p>Especial \/ La Revista <\/p>\n<p><\/p>\n<p>El alcalde M\u00e9rida, Mauricio Vila Dosal, encabez\u00f3 el Paseo de las \u00c1nimas, donde cada a\u00f1o se dan cita los meridanos, personas del interior del estado y el turismo nacional e internacional, atra\u00eddos por la exposici\u00f3n de altares, las leyendas mayas, el juego de pelota, entre otras actividades que se realizan durante el evento en diversos puntos del recorrido.<br \/>Acompa\u00f1ado de su esposa, Mar\u00eda Eugenia Ortiz Abraham, presidenta del DIF Municipal y sus hijos Alejandrina, Mauricio y Santiago, ataviados con el traje t\u00edpico de Yucat\u00e1n, el alcalde lleg\u00f3 poco antes de las 8 de la noche, a la entrada poniente del Cementerio General, donde camin\u00f3 y disfrut\u00f3 del paisaje.<br \/>Luces tenues de colores, iluminando el camino hacia la Casona, donde se celebraba en ese instante la Ceremonia Maya a cargo del X\u00b4men, fueron el escenario perfecto para que el alcalde se tomara algunas fotograf\u00edas con su familia y con los asistentes al paseo, quienes lo interceptaban y le solicitaban la foto del recuerdo, tendiendo como fondo la m\u00fasica prehisp\u00e1nica.<br \/>El alcalde Mauricio Vila, su esposa Mar\u00eda Eugenia Ortiz, estuvieron flanqueados por personas caracterizadas de \u00e1nimas con vela en mano, listos para comenzar el recorrido donde participaron de 600 \u00e1nimas que iluminaron el camino de los esp\u00edritus.<br \/>Las figuras de gran tama\u00f1o, de un hombre con pantal\u00f3n de manta, sombrero y alpargatas, as\u00ed como la de una mujer con huipil y rebozo, conocidos como H\u00b4men, avanzaban delante del contingente, lo que anunciaba que las \u00e1nimas ya estaban cerca.<br \/>A lo largo del camino, se pod\u00edan observar los 248 altares que fueron instalados por familias de la zona, Consejos de Participaci\u00f3n Ciudadana, dependencias municipales y asociaciones, quienes en cada mesa dispusieron de los elementos principales para recibir a los fieles difuntos.<br \/>De acuerdo con datos de la Polic\u00eda Municipal, al Paseo de las \u00c1nimas asisti\u00f3 poco m\u00e1s de 57 mil personas que desde temprano arribaron al derrotero para ocupar los mejores lugares en las numerosas gradas colocadas cerca del Cementerio y en calles aleda\u00f1as para mayor disfrute de los visitantes. <br \/>Este a\u00f1o tuvo algunas novedades como la instalaci\u00f3n de altares en el parque de San Juan, as\u00ed como la apertura del Jard\u00edn Bot\u00e1nico de la Ermita, donde adem\u00e1s de tener altares, se realizaron diversas actividades como la presentaci\u00f3n de trio Trovemia y la presentaci\u00f3n de los ballets folcl\u00f3ricos de los Centros de Superaci\u00f3n.<br \/>Catrinas y mestizas, trovadores y mariachis se dieron la mano para llevar a los visitantes a un recorrido por muchas de las tradiciones y costumbres que enriquecen la herencia cultural de M\u00e9xico especialmente en estos d\u00edas dedicados a los difuntos.<br \/>El Paseo de las \u00c1nimas es una de las actividades del Ayuntamiento de M\u00e9rida, que se ha consolidado como referente cultural, en la que se suma la participaci\u00f3n de autoridades y ciudadanos en un esfuerzo por preservar nuestras costumbres y tradiciones, adem\u00e1s de compartirlas con los turistas que se dan cita a los eventos.<br \/>Dentro del programa del Festival de las \u00c1nimas, el cual inici\u00f3 el 23 de octubre y concluye el 30, se realizaron actividades como la rodada de las \u00e1nimas, el recorrido nocturno por el Cementerio General y que en los d\u00edas que faltan se realizar\u00e1 la Vaquer\u00eda de las \u00c1nimas, la Noche de las Catrinas y la inauguraci\u00f3n del Camino de Flores en el parque del Mejorada.<\/p>\n","protected":false},"excerpt":{"rendered":"<p>El alcalde M\u00e9rida, Mauricio Vila Dosal, encabez\u00f3 el Paseo de las \u00c1nimas<\/p>\n","protected":false},"author":1018,"featured_media":0,"comment_status":"open","ping_status":"open","sticky":false,"template":"","format":"standard","meta":{"tdm_status":"","tdm_grid_status":"","footnotes":""},"categories":[21],"tags":[],"_links":{"self":[{"href":"https:\/\/dralvarez.com.mx\/larevista\/wp-json\/wp\/v2\/posts\/59649"}],"collection":[{"href":"https:\/\/dralvarez.com.mx\/larevista\/wp-json\/wp\/v2\/posts"}],"about":[{"href":"https:\/\/dralvarez.com.mx\/larevista\/wp-json\/wp\/v2\/types\/post"}],"author":[{"embeddable":true,"href":"https:\/\/dralvarez.com.mx\/larevista\/wp-json\/wp\/v2\/users\/1018"}],"replies":[{"embeddable":true,"href":"https:\/\/dralvarez.com.mx\/larevista\/wp-json\/wp\/v2\/comments?post=59649"}],"version-history":[{"count":0,"href":"https:\/\/dralvarez.com.mx\/larevista\/wp-json\/wp\/v2\/posts\/59649\/revisions"}],"wp:attachment":[{"href":"https:\/\/dralvarez.com.mx\/larevista\/wp-json\/wp\/v2\/media?parent=59649"}],"wp:term":[{"taxonomy":"category","embeddable":true,"href":"https:\/\/dralvarez.com.mx\/larevista\/wp-json\/wp\/v2\/categories?post=59649"},{"taxonomy":"post_tag","embeddable":true,"href":"https:\/\/dralvarez.com.mx\/larevista\/wp-json\/wp\/v2\/tags?post=59649"}],"curies":[{"name":"wp","href":"https:\/\/api.w.org\/{rel}","templated":true}]}}