{"id":59645,"date":"2017-11-03T00:00:00","date_gmt":"2017-11-03T06:00:00","guid":{"rendered":"https:\/\/dralvarez.com.mx\/larevista\/blog\/en-el-marco-de-las-actividades-del-festival-de-las-animas-19267"},"modified":"2017-11-03T00:00:00","modified_gmt":"2017-11-03T06:00:00","slug":"en-el-marco-de-las-actividades-del-festival-de-las-animas-19267","status":"publish","type":"post","link":"https:\/\/dralvarez.com.mx\/larevista\/yucatan\/en-el-marco-de-las-actividades-del-festival-de-las-animas-19267","title":{"rendered":"En el marco de las actividades del Festival de las \u00c1nimas"},"content":{"rendered":"<p>Especial \/ La Revista <\/p>\n<p>En el marco de las actividades del Festival de las \u00c1nimas, el alcalde Mauricio Vila Dosal inaugur\u00f3 el pasado 28 de octubre, la segunda edici\u00f3n de Camino de Flores, que en esta ocasi\u00f3n se denomina \u201cEncuentro con las \u00c1nimas\u201d y su dise\u00f1o rinde homenaje a las tradiciones yucatecas y especialmente a los trovadores ya fallecidos que dejaron un legado cultural y musical a la ciudad.<br \/>Durante la inauguraci\u00f3n, el alcalde Mauricio Vila Dosal, quien acudi\u00f3 acompa\u00f1ado de su hija Alejandrina, record\u00f3 que la primera edici\u00f3n registr\u00f3 una afluencia de m\u00e1s de 75 mil personas.<br \/>\u2014En esa ocasi\u00f3n la muestra se hizo con motivo del inicio de la primavera y ahora la hacemos para recordar a los trovadores que se nos adelantaron \u2014expres\u00f3.<br \/>Destac\u00f3 que el anterior camino de flores obtuvo un reconocimiento a nivel nacional de viverismo, durante una Expo que se realiz\u00f3 en Cuernavaca, Morelos.<br \/>Asimismo hizo un reconocimiento a la labor de m\u00e1s de 200 trabajadores municipales que colaboraron para hacer el Camino de Flores.<br \/>El Camino de Flores se ubica, al igual que en la primera edici\u00f3n realizada en marzo pasado, en la calle 50-A entre 57 y 59 a un costado del Parque de la Mejorada, el cual permanecer\u00e1 abierto hasta el 20 de noviembre en el horario de 9 de la ma\u00f1ana a 9 de la noche.<br \/>Invit\u00f3 a todos los meridanos y a las personas que se encuentren de visita en la ciudad a acudir a la muestra y disfrutar de ese espacio que es para la convivencia social y familiar.<br \/>Al igual que en la anterior edici\u00f3n, se instal\u00f3 un andador de 100 metros de largo por dos de alto, desde el cual los visitantes pueden admirar el tapete floral y las figuras instaladas.<br \/>En esta ocasi\u00f3n, se formaron con follaje y flores las figuras de tres trovadores, una representaci\u00f3n del Cementerio General, una cruz verde, un sac-be y un altar y al final del recorrido una pareja regional de \u00e1nimas, que son figuras de cuatro metros y medio de alto con \u201cdoble vista\u201d de manera que se puede observar sus rostros durante el recorrido.<br \/>Al bajar del andador las personas podr\u00e1n tomarse la foto del recuerdo junto a las flores y las letras que forman la palabra M\u00e9rida instaladas en la 50-A con 59.<br \/>Para el dise\u00f1o de las figuras se cont\u00f3 con la colaboraci\u00f3n del maestro Luis P\u00e9rez Sabido, presente en la ceremonia, director del Centro Regional de Investigaci\u00f3n, Documentaci\u00f3n y Difusi\u00f3n Musical \u201cCirilo Baqueiro Preve\u201d.<br \/>Para la representaci\u00f3n del cementerio se utilizaron, adem\u00e1s de follaje, flores como crisantemos y begonias.<br \/>En la explanada del parque se colocaron dos altares de difuntos y m\u00f3dulos de venta de art\u00edculos que elaboran artesanos y oferentes de los diversos programas permanentes del gobierno y alumnas del Centro de Capacitaci\u00f3n. Otro m\u00f3dulo es del programa de Educaci\u00f3n Ambiental de la Unidad de Desarrollo Sustentable. Estos participantes estar\u00e1n en la explanada del parque de lunes a viernes de 4 de la tarde a 9 de la noche y s\u00e1bados y domingos de 9 a.m. a 9 p.m.<br \/>Adem\u00e1s existe un espacio destinado para que la presentaci\u00f3n de espect\u00e1culos art\u00edsticos que ofrecer\u00e1n grupos municipales y para los peque\u00f1os se organizan muestras de juegos tradicionales, como la ch\u00e1cara.<\/p>\n<p>Detalles de los adornos<\/p>\n<p>La Direcci\u00f3n de Servicios P\u00fablicos Municipales, inform\u00f3 que para la elaboraci\u00f3n de las figuras se utilizaron 45,000 plantas con m\u00e1s de medio mill\u00f3n de flores de las especies cempas\u00fachil (xpujuc en maya), la celos\u00eda (xt\u00e9s) y el Amor Seco. Adem\u00e1s se utilizan flores de la \u00e9poca como las ageratos, alyssum o panalillo, clavelinas y senecios.<br \/>En total para la instalaci\u00f3n se utilizaron 50,000 mil plantas, de las cuales 30 mil (las que tienen flores) proceden de Cuernavaca, Morelos y 20 mil del vivero municipal. Entre las flores hay Xpujuc (nombre maya del cempas\u00fachil), crisantemos, dorantas, celoc\u00edas, clavelinas, \u201cdusty miller\u201d. A diferencia del anterior camino de flores en esa ocasi\u00f3n las flores son de colores m\u00e1s oscuros relacionados con la estaci\u00f3n del a\u00f1o y m\u00e1s acordes a las festividades de los difuntos.<br \/>En la inauguraci\u00f3n estuvieron presentes, Jorge Eu\u00e1n G\u00f3ngora, presidente de la Fundaci\u00f3n Plan Estrat\u00e9gico; Carolina C\u00e1rdenas Sosa, directora de Turismo y Promoci\u00f3n Econ\u00f3mica, Catalina Esther Bolio Zapata, presidenta de la Asociaci\u00f3n Ximbal K\u00b4aax; C\u00e9sar Boj\u00f3rquez Zapata, coordinador general de Funcionamiento Urbano y Luis Jorge Montalvo Duarte, director.<\/p>\n","protected":false},"excerpt":{"rendered":"<p>Inaugura el alcalde, Mauricio Vila Dosal, el camino de flores \u201cEncuentro con las \u00c1nimas\u201d<\/p>\n","protected":false},"author":1018,"featured_media":0,"comment_status":"open","ping_status":"open","sticky":false,"template":"","format":"standard","meta":{"tdm_status":"","tdm_grid_status":"","footnotes":""},"categories":[21],"tags":[],"_links":{"self":[{"href":"https:\/\/dralvarez.com.mx\/larevista\/wp-json\/wp\/v2\/posts\/59645"}],"collection":[{"href":"https:\/\/dralvarez.com.mx\/larevista\/wp-json\/wp\/v2\/posts"}],"about":[{"href":"https:\/\/dralvarez.com.mx\/larevista\/wp-json\/wp\/v2\/types\/post"}],"author":[{"embeddable":true,"href":"https:\/\/dralvarez.com.mx\/larevista\/wp-json\/wp\/v2\/users\/1018"}],"replies":[{"embeddable":true,"href":"https:\/\/dralvarez.com.mx\/larevista\/wp-json\/wp\/v2\/comments?post=59645"}],"version-history":[{"count":0,"href":"https:\/\/dralvarez.com.mx\/larevista\/wp-json\/wp\/v2\/posts\/59645\/revisions"}],"wp:attachment":[{"href":"https:\/\/dralvarez.com.mx\/larevista\/wp-json\/wp\/v2\/media?parent=59645"}],"wp:term":[{"taxonomy":"category","embeddable":true,"href":"https:\/\/dralvarez.com.mx\/larevista\/wp-json\/wp\/v2\/categories?post=59645"},{"taxonomy":"post_tag","embeddable":true,"href":"https:\/\/dralvarez.com.mx\/larevista\/wp-json\/wp\/v2\/tags?post=59645"}],"curies":[{"name":"wp","href":"https:\/\/api.w.org\/{rel}","templated":true}]}}